{"id":225532,"date":"2025-07-31T12:46:48","date_gmt":"2025-07-31T19:46:48","guid":{"rendered":"https:\/\/rnoticias.com.mx\/Portal\/?p=225532"},"modified":"2025-07-31T12:46:48","modified_gmt":"2025-07-31T19:46:48","slug":"detienen-a-persona-armada-durante-operativo-coordinado-entre-gobierno-de-sonora-y-ejercito-mexicano","status":"publish","type":"post","link":"https:\/\/rnoticias.com.mx\/Portal\/2025\/07\/31\/detienen-a-persona-armada-durante-operativo-coordinado-entre-gobierno-de-sonora-y-ejercito-mexicano\/","title":{"rendered":"Detienen a persona armada durante operativo coordinado entre Gobierno de Sonora y Ej\u00e9rcito Mexicano"},"content":{"rendered":"<p align=\"left\">Hermosillo, Sonora; 31 de julio de 2025.- Derivado del seguimiento a reportes ciudadanos al n\u00famero de emergencias 9-1-1 y como parte de las acciones preventivas en Hermosillo, elementos de la Secretar\u00eda de Seguridad P\u00fablica (SSP) del Gobierno de Sonora, en coordinaci\u00f3n con la Secretar\u00eda de la Defensa Nacional (Defensa), detuvieron a una persona en posesi\u00f3n de un arma de fuego.<\/p>\n<p align=\"left\">\n<p align=\"left\">La noche del lunes 28 de julio, durante un operativo conjunto entre la Polic\u00eda Estatal de Seguridad P\u00fablica (PESP) y personal del Ej\u00e9rcito Mexicano, en la colonia Arboledas, se logr\u00f3 la detenci\u00f3n de Kevyn J. \u201cN\u201d, de 22 a\u00f1os de edad.<\/p>\n<p align=\"left\">\n<p align=\"left\">La detenci\u00f3n se llev\u00f3 a cabo cuando sorprendieron a la persona con un arma de fuego, tipo pistola, calibre .9mm, adem\u00e1s de asegurarle una bolsa con sustancia granulada caracter\u00edstica al narc\u00f3tico.<\/p>\n<p align=\"left\">\n<p align=\"left\">Por estos hechos, y ante la probable comisi\u00f3n de delitos contra la salud y portaci\u00f3n ilegal de arma de fuego, los elementos actuantes procedieron a su detenci\u00f3n, le informaron sus derechos y lo pusieron a disposici\u00f3n del Ministerio P\u00fablico correspondiente.<\/p>\n<p align=\"left\">\n<p align=\"left\">Nota: Se informa que la persona detenida se presume inocente y ser\u00e1 tratada como tal en todas las etapas del procedimiento, mientras no se declare su responsabilidad mediante sentencia emitida por el \u00f3rgano jurisdiccional competente, conforme al art\u00edculo 13 del C\u00f3digo Nacional de Procedimientos Penales.<\/p>\n","protected":false},"excerpt":{"rendered":"<p>Hermosillo, Sonora; 31 de julio de 2025.- Derivado del seguimiento a reportes ciudadanos al n\u00famero de emergencias 9-1-1 y como parte de las acciones preventivas en Hermosillo, elementos de la Secretar\u00eda de Seguridad P\u00fablica (SSP) del Gobierno de Sonora, en coordinaci\u00f3n con la Secretar\u00eda de la Defensa Nacional (Defensa), detuvieron a una persona en posesi\u00f3n [&hellip;]<\/p>\n","protected":false},"author":2,"featured_media":225533,"comment_status":"closed","ping_status":"closed","sticky":false,"template":"","format":"standard","meta":{"footnotes":""},"categories":[12870,178],"tags":[12865,12869],"class_list":["post-225532","post","type-post","status-publish","format-standard","has-post-thumbnail","hentry","category-destacadas","category-local","tag-destacadas","tag-local"],"jetpack_featured_media_url":"https:\/\/rnoticias.com.mx\/Portal\/wp-content\/uploads\/2025\/07\/unnamed-91.jpg","amp_enabled":true,"_links":{"self":[{"href":"https:\/\/rnoticias.com.mx\/Portal\/wp-json\/wp\/v2\/posts\/225532","targetHints":{"allow":["GET"]}}],"collection":[{"href":"https:\/\/rnoticias.com.mx\/Portal\/wp-json\/wp\/v2\/posts"}],"about":[{"href":"https:\/\/rnoticias.com.mx\/Portal\/wp-json\/wp\/v2\/types\/post"}],"author":[{"embeddable":true,"href":"https:\/\/rnoticias.com.mx\/Portal\/wp-json\/wp\/v2\/users\/2"}],"replies":[{"embeddable":true,"href":"https:\/\/rnoticias.com.mx\/Portal\/wp-json\/wp\/v2\/comments?post=225532"}],"version-history":[{"count":1,"href":"https:\/\/rnoticias.com.mx\/Portal\/wp-json\/wp\/v2\/posts\/225532\/revisions"}],"predecessor-version":[{"id":225534,"href":"https:\/\/rnoticias.com.mx\/Portal\/wp-json\/wp\/v2\/posts\/225532\/revisions\/225534"}],"wp:featuredmedia":[{"embeddable":true,"href":"https:\/\/rnoticias.com.mx\/Portal\/wp-json\/wp\/v2\/media\/225533"}],"wp:attachment":[{"href":"https:\/\/rnoticias.com.mx\/Portal\/wp-json\/wp\/v2\/media?parent=225532"}],"wp:term":[{"taxonomy":"category","embeddable":true,"href":"https:\/\/rnoticias.com.mx\/Portal\/wp-json\/wp\/v2\/categories?post=225532"},{"taxonomy":"post_tag","embeddable":true,"href":"https:\/\/rnoticias.com.mx\/Portal\/wp-json\/wp\/v2\/tags?post=225532"}],"curies":[{"name":"wp","href":"https:\/\/api.w.org\/{rel}","templated":true}]}}