{"id":225529,"date":"2025-07-31T10:52:01","date_gmt":"2025-07-31T17:52:01","guid":{"rendered":"https:\/\/rnoticias.com.mx\/Portal\/?p=225529"},"modified":"2025-07-31T10:52:01","modified_gmt":"2025-07-31T17:52:01","slug":"logra-fgjes-sentencias-condenatorias-para-todos-los-responsables-del-feminicidio-de-arith-alejandra-n-en-hermosillo","status":"publish","type":"post","link":"https:\/\/rnoticias.com.mx\/Portal\/2025\/07\/31\/logra-fgjes-sentencias-condenatorias-para-todos-los-responsables-del-feminicidio-de-arith-alejandra-n-en-hermosillo\/","title":{"rendered":"Logra FGJES sentencias condenatorias para todos los responsables del feminicidio de Arith Alejandra \u201cN\u201d en Hermosillo"},"content":{"rendered":"<p>Hermosillo, Sonora, 30 de julio de 2025.- Como resultado de una investigaci\u00f3n exhaustiva y un proceso judicial riguroso con perspectiva de g\u00e9nero, la Fiscal\u00eda General de Justicia del Estado de Sonora (FGJES) obtuvo sentencia condenatoria en contra de todas las personas responsables del feminicidio de Arith Alejandra \u201cN\u201d, ocurrido en junio de 2022 en Hermosillo, que caus\u00f3 profunda indignaci\u00f3n y conmoci\u00f3n en la comunidad sonorense.<\/p>\n<p>El Juzgado determin\u00f3 una pena de 51 a\u00f1os y 3 meses de prisi\u00f3n para Marisol \u201cN\u201d, Daniel Alonso \u201cN\u201d, alias \u201cEl Borrego\u201d, Carlos Alejandro \u201cN\u201d y Mart\u00edn Al\u00e1n \u201cN\u201d, alias \u201cEl Toto\u201d, tras acreditar plenamente su participaci\u00f3n activa en el feminicidio.<\/p>\n<p>Cabe se\u00f1alar que en enero de 2024 ya hab\u00eda sido sentenciado por los mismos hechos Fernando Antonio \u201cN\u201d.<\/p>\n<p>La carpeta de investigaci\u00f3n permiti\u00f3 establecer que el 29 de junio de 2022 la v\u00edctima fue agredida f\u00edsica y psicol\u00f3gicamente, para posteriormente ser privada de la vida mediante asfixia, y su cuerpo abandonado e incinerado en un terreno bald\u00edo de la colonia El Sahuaro.<\/p>\n<p>La r\u00e1pida intervenci\u00f3n de la FGJES y la coordinaci\u00f3n interinstitucional hicieron posible la identificaci\u00f3n, aprehensi\u00f3n y enjuiciamiento de cada uno de los responsables.<\/p>\n<p>Las diligencias ministeriales, as\u00ed como las pruebas periciales y testimoniales presentadas durante el juicio oral, fueron determinantes para obtener las sentencias condenatorias y garantizar el acceso a la justicia para la v\u00edctima y su familia.<\/p>\n<p>La Fiscal\u00eda General de Justicia del Estado de Sonora (FGJES) reitera su compromiso con la investigaci\u00f3n y persecuci\u00f3n de los delitos de g\u00e9nero, la protecci\u00f3n de los derechos de las mujeres y el acceso efectivo a la justicia para las v\u00edctimas, manteniendo acciones permanentes para erradicar la violencia feminicida en la entidad.<\/p>\n","protected":false},"excerpt":{"rendered":"<p>Hermosillo, Sonora, 30 de julio de 2025.- Como resultado de una investigaci\u00f3n exhaustiva y un proceso judicial riguroso con perspectiva de g\u00e9nero, la Fiscal\u00eda General de Justicia del Estado de Sonora (FGJES) obtuvo sentencia condenatoria en contra de todas las personas responsables del feminicidio de Arith Alejandra \u201cN\u201d, ocurrido en junio de 2022 en Hermosillo, [&hellip;]<\/p>\n","protected":false},"author":2,"featured_media":225530,"comment_status":"closed","ping_status":"closed","sticky":false,"template":"","format":"standard","meta":{"footnotes":""},"categories":[12870,178],"tags":[12865,12869],"class_list":["post-225529","post","type-post","status-publish","format-standard","has-post-thumbnail","hentry","category-destacadas","category-local","tag-destacadas","tag-local"],"jetpack_featured_media_url":"https:\/\/rnoticias.com.mx\/Portal\/wp-content\/uploads\/2025\/07\/1a8f3624-ff6f-49f4-9787-f81f47251a47.jpg","amp_enabled":true,"_links":{"self":[{"href":"https:\/\/rnoticias.com.mx\/Portal\/wp-json\/wp\/v2\/posts\/225529","targetHints":{"allow":["GET"]}}],"collection":[{"href":"https:\/\/rnoticias.com.mx\/Portal\/wp-json\/wp\/v2\/posts"}],"about":[{"href":"https:\/\/rnoticias.com.mx\/Portal\/wp-json\/wp\/v2\/types\/post"}],"author":[{"embeddable":true,"href":"https:\/\/rnoticias.com.mx\/Portal\/wp-json\/wp\/v2\/users\/2"}],"replies":[{"embeddable":true,"href":"https:\/\/rnoticias.com.mx\/Portal\/wp-json\/wp\/v2\/comments?post=225529"}],"version-history":[{"count":1,"href":"https:\/\/rnoticias.com.mx\/Portal\/wp-json\/wp\/v2\/posts\/225529\/revisions"}],"predecessor-version":[{"id":225531,"href":"https:\/\/rnoticias.com.mx\/Portal\/wp-json\/wp\/v2\/posts\/225529\/revisions\/225531"}],"wp:featuredmedia":[{"embeddable":true,"href":"https:\/\/rnoticias.com.mx\/Portal\/wp-json\/wp\/v2\/media\/225530"}],"wp:attachment":[{"href":"https:\/\/rnoticias.com.mx\/Portal\/wp-json\/wp\/v2\/media?parent=225529"}],"wp:term":[{"taxonomy":"category","embeddable":true,"href":"https:\/\/rnoticias.com.mx\/Portal\/wp-json\/wp\/v2\/categories?post=225529"},{"taxonomy":"post_tag","embeddable":true,"href":"https:\/\/rnoticias.com.mx\/Portal\/wp-json\/wp\/v2\/tags?post=225529"}],"curies":[{"name":"wp","href":"https:\/\/api.w.org\/{rel}","templated":true}]}}