{"id":225523,"date":"2025-07-31T10:05:58","date_gmt":"2025-07-31T17:05:58","guid":{"rendered":"https:\/\/rnoticias.com.mx\/Portal\/?p=225523"},"modified":"2025-07-31T10:05:58","modified_gmt":"2025-07-31T17:05:58","slug":"argentinos-no-necesitaran-visa-para-entrar-a-ee-uu-milei-y-noem-firman-acuerdo","status":"publish","type":"post","link":"https:\/\/rnoticias.com.mx\/Portal\/2025\/07\/31\/argentinos-no-necesitaran-visa-para-entrar-a-ee-uu-milei-y-noem-firman-acuerdo\/","title":{"rendered":"Argentinos no necesitar\u00e1n visa para entrar a EE.UU.: Milei y Noem firman acuerdo"},"content":{"rendered":"<p>La secretaria de Seguridad Nacional de\u00a0<strong>Estados Unidos<\/strong>, Kristi Noem, y el presidente de\u00a0<strong>Argentina<\/strong>, Javier Milei, firmaron un acuerdo que busca permitir a los ciudadanos argentinos viajar a Estados Unidos por turismo o negocios sin necesidad de tramitar una\u00a0<strong>visa<\/strong>.<\/p>\n<p>En un comunicado, la Oficina del Presidente detall\u00f3 que Milei se reuni\u00f3 en Casa Rosada con Kristi Noem, para firmar una declaraci\u00f3n de intenci\u00f3n para el ingreso al\u00a0<strong>Programa de Exenci\u00f3n de Visas<\/strong>\u00a0(Visa Waiver Program).<\/p>\n<p>\u201cLa Rep\u00fablica Argentina ha iniciado el proceso de incorporaci\u00f3n al VISA WAIVER PROGRAM, que de culminar exitosamente permitir\u00e1 que millones de\u00a0<strong>argentinos<\/strong>\u00a0puedan viajar (\u2026) sin necesidad de visado\u201d, indic\u00f3 el comunicado. Seg\u00fan la Oficina del Presidente, este es el primer paso de un proceso que exigir\u00e1 cumplir con \u201caltos est\u00e1ndares internacionales\u201d en procedimientos migratorios.<\/p>\n<p>El acuerdo tambi\u00e9n incluir\u00eda la incorporaci\u00f3n de pasaportes electr\u00f3nicos, sistemas biom\u00e9tricos y\u00a0<strong>controles migratorios<\/strong>\u00a0avanzados.<\/p>\n<p>&nbsp;<\/p>\n<p>&nbsp;<\/p>\n<p>Fuente: Aristegui Noticias<\/p>\n","protected":false},"excerpt":{"rendered":"<p>La secretaria de Seguridad Nacional de\u00a0Estados Unidos, Kristi Noem, y el presidente de\u00a0Argentina, Javier Milei, firmaron un acuerdo que busca permitir a los ciudadanos argentinos viajar a Estados Unidos por turismo o negocios sin necesidad de tramitar una\u00a0visa. En un comunicado, la Oficina del Presidente detall\u00f3 que Milei se reuni\u00f3 en Casa Rosada con Kristi [&hellip;]<\/p>\n","protected":false},"author":2,"featured_media":225524,"comment_status":"closed","ping_status":"closed","sticky":false,"template":"","format":"standard","meta":{"footnotes":""},"categories":[336,12870],"tags":[12878,12865],"class_list":["post-225523","post","type-post","status-publish","format-standard","has-post-thumbnail","hentry","category-curiosidades","category-destacadas","tag-curiosidades","tag-destacadas"],"jetpack_featured_media_url":"https:\/\/rnoticias.com.mx\/Portal\/wp-content\/uploads\/2025\/07\/YdT3af80G_600x600__1.jpg","amp_enabled":true,"_links":{"self":[{"href":"https:\/\/rnoticias.com.mx\/Portal\/wp-json\/wp\/v2\/posts\/225523","targetHints":{"allow":["GET"]}}],"collection":[{"href":"https:\/\/rnoticias.com.mx\/Portal\/wp-json\/wp\/v2\/posts"}],"about":[{"href":"https:\/\/rnoticias.com.mx\/Portal\/wp-json\/wp\/v2\/types\/post"}],"author":[{"embeddable":true,"href":"https:\/\/rnoticias.com.mx\/Portal\/wp-json\/wp\/v2\/users\/2"}],"replies":[{"embeddable":true,"href":"https:\/\/rnoticias.com.mx\/Portal\/wp-json\/wp\/v2\/comments?post=225523"}],"version-history":[{"count":1,"href":"https:\/\/rnoticias.com.mx\/Portal\/wp-json\/wp\/v2\/posts\/225523\/revisions"}],"predecessor-version":[{"id":225525,"href":"https:\/\/rnoticias.com.mx\/Portal\/wp-json\/wp\/v2\/posts\/225523\/revisions\/225525"}],"wp:featuredmedia":[{"embeddable":true,"href":"https:\/\/rnoticias.com.mx\/Portal\/wp-json\/wp\/v2\/media\/225524"}],"wp:attachment":[{"href":"https:\/\/rnoticias.com.mx\/Portal\/wp-json\/wp\/v2\/media?parent=225523"}],"wp:term":[{"taxonomy":"category","embeddable":true,"href":"https:\/\/rnoticias.com.mx\/Portal\/wp-json\/wp\/v2\/categories?post=225523"},{"taxonomy":"post_tag","embeddable":true,"href":"https:\/\/rnoticias.com.mx\/Portal\/wp-json\/wp\/v2\/tags?post=225523"}],"curies":[{"name":"wp","href":"https:\/\/api.w.org\/{rel}","templated":true}]}}