{"id":225495,"date":"2025-07-30T21:59:15","date_gmt":"2025-07-31T04:59:15","guid":{"rendered":"https:\/\/rnoticias.com.mx\/Portal\/?p=225495"},"modified":"2025-07-30T21:59:15","modified_gmt":"2025-07-31T04:59:15","slug":"invita-ave-badu-a-nueva-jornada-de-reciclando-por-sonrisas-2","status":"publish","type":"post","link":"https:\/\/rnoticias.com.mx\/Portal\/2025\/07\/30\/invita-ave-badu-a-nueva-jornada-de-reciclando-por-sonrisas-2\/","title":{"rendered":"Invita Ave Badu a nueva jornada de \u2018Reciclando por Sonrisas\u2019"},"content":{"rendered":"<p>La Ludoteca Ave Badu convoca a la comunidad a participar en una nueva jornada de la campa\u00f1a \u2018Reciclando por Sonrisas\u2019, que se llevar\u00e1 a cabo el pr\u00f3ximo 2 de agosto.<\/p>\n<p>&nbsp;<\/p>\n<p>Viviana Bautista Mariscal, directora de Ave Badu, inform\u00f3, que en esta ocasi\u00f3n la actividad apoyar\u00e1 a Jos\u00e9 Zamael Espinoza, un ni\u00f1o de 4 a\u00f1os diagnosticado con trastorno del espectro autista y \u00a0quien necesita terapias especializadas para su desarrollo.<\/p>\n<p>&nbsp;<\/p>\n<p>\u201cLa colecta de este s\u00e1bado ser\u00e1 de 7:00 a 13:00 horas frente a la Plaza Emiliana de Zubeld\u00eda, donde se recibir\u00e1n materiales reciclables como cart\u00f3n, papel, fierro, aluminio y botellas de pl\u00e1stico\u201d, precis\u00f3<\/p>\n<p>&nbsp;<\/p>\n<p>Record\u00f3, que los recursos recabados ser\u00e1n destinados a las terapias de Jos\u00e9 para favorecer su crecimiento y progreso.<\/p>\n<p>&nbsp;<\/p>\n<p>Adem\u00e1s, mencion\u00f3 que quienes deseen apoyar pueden hacer donativos econ\u00f3micos. Para m\u00e1s detalles est\u00e1n disponibles en las redes sociales de Ave Badu.<\/p>\n<p>&nbsp;<\/p>\n<p>&nbsp;<\/p>\n<p>&nbsp;<\/p>\n<p>Cifra:<\/p>\n<p>&nbsp;<\/p>\n<p>La jornada de \u201cReciclando por Sonrisas\u201d de Ave Badu este s\u00e1bado 2 de agosto ser\u00e1 la numero 63<\/p>\n","protected":false},"excerpt":{"rendered":"<p>La Ludoteca Ave Badu convoca a la comunidad a participar en una nueva jornada de la campa\u00f1a \u2018Reciclando por Sonrisas\u2019, que se llevar\u00e1 a cabo el pr\u00f3ximo 2 de agosto. &nbsp; Viviana Bautista Mariscal, directora de Ave Badu, inform\u00f3, que en esta ocasi\u00f3n la actividad apoyar\u00e1 a Jos\u00e9 Zamael Espinoza, un ni\u00f1o de 4 a\u00f1os [&hellip;]<\/p>\n","protected":false},"author":2,"featured_media":225496,"comment_status":"closed","ping_status":"closed","sticky":false,"template":"","format":"standard","meta":{"footnotes":""},"categories":[12870,178],"tags":[12865,12869],"class_list":["post-225495","post","type-post","status-publish","format-standard","has-post-thumbnail","hentry","category-destacadas","category-local","tag-destacadas","tag-local"],"jetpack_featured_media_url":"https:\/\/rnoticias.com.mx\/Portal\/wp-content\/uploads\/2025\/07\/f0f6652c-f8c0-4f7a-b59d-bca1db5fa851.jpg","amp_enabled":true,"_links":{"self":[{"href":"https:\/\/rnoticias.com.mx\/Portal\/wp-json\/wp\/v2\/posts\/225495","targetHints":{"allow":["GET"]}}],"collection":[{"href":"https:\/\/rnoticias.com.mx\/Portal\/wp-json\/wp\/v2\/posts"}],"about":[{"href":"https:\/\/rnoticias.com.mx\/Portal\/wp-json\/wp\/v2\/types\/post"}],"author":[{"embeddable":true,"href":"https:\/\/rnoticias.com.mx\/Portal\/wp-json\/wp\/v2\/users\/2"}],"replies":[{"embeddable":true,"href":"https:\/\/rnoticias.com.mx\/Portal\/wp-json\/wp\/v2\/comments?post=225495"}],"version-history":[{"count":1,"href":"https:\/\/rnoticias.com.mx\/Portal\/wp-json\/wp\/v2\/posts\/225495\/revisions"}],"predecessor-version":[{"id":225497,"href":"https:\/\/rnoticias.com.mx\/Portal\/wp-json\/wp\/v2\/posts\/225495\/revisions\/225497"}],"wp:featuredmedia":[{"embeddable":true,"href":"https:\/\/rnoticias.com.mx\/Portal\/wp-json\/wp\/v2\/media\/225496"}],"wp:attachment":[{"href":"https:\/\/rnoticias.com.mx\/Portal\/wp-json\/wp\/v2\/media?parent=225495"}],"wp:term":[{"taxonomy":"category","embeddable":true,"href":"https:\/\/rnoticias.com.mx\/Portal\/wp-json\/wp\/v2\/categories?post=225495"},{"taxonomy":"post_tag","embeddable":true,"href":"https:\/\/rnoticias.com.mx\/Portal\/wp-json\/wp\/v2\/tags?post=225495"}],"curies":[{"name":"wp","href":"https:\/\/api.w.org\/{rel}","templated":true}]}}