{"id":225492,"date":"2025-07-30T21:51:53","date_gmt":"2025-07-31T04:51:53","guid":{"rendered":"https:\/\/rnoticias.com.mx\/Portal\/?p=225492"},"modified":"2025-07-30T21:51:53","modified_gmt":"2025-07-31T04:51:53","slug":"invitan-al-primer-bazar-bazarte-en-apoyo-a-emprendedores-locales","status":"publish","type":"post","link":"https:\/\/rnoticias.com.mx\/Portal\/2025\/07\/30\/invitan-al-primer-bazar-bazarte-en-apoyo-a-emprendedores-locales\/","title":{"rendered":"Invitan al primer bazar \u201cBazarte\u201d en apoyo a emprendedores locales"},"content":{"rendered":"<p>Hermosillo, Sonora. Este domingo 3 de agosto se realizar\u00e1 la primera edici\u00f3n del evento \u201cBazarte\u201d, el cual es impulsado por la emprendedora Valerie Torrescano para promover el consumo local y dar espacio a peque\u00f1os negocios hermosillenses.<\/p>\n<p>&nbsp;<\/p>\n<p>La organizadora, coment\u00f3 que esa actividad se llevar\u00e1 a cabo de 5:00 p.m. a 10:00 p.m. en el Jard\u00edn La Capilla, ubicado en calle Tamaulipas 134, frente al parque junto a la Iglesia de F\u00e1tima.<\/p>\n<p>&nbsp;<\/p>\n<p>\u201cLa entrada ser\u00e1 libre y en este evento van a participar emprendedores que ofrecer\u00e1n mini hamburguesas, hielitos artesanales, bisuter\u00eda, cer\u00e1mica, joyer\u00eda, art\u00edculos de yeso, macram\u00e9 y crochet\u201d, detall\u00f3.<\/p>\n<p>&nbsp;<\/p>\n<p>A\u00f1adi\u00f3 que Bazarte, naci\u00f3 del deseo de apoyar a emprendedores como yo, y de incentivar a la gente a preferir productos hechos aqu\u00ed en Hermosillo, Sonora.<\/p>\n<p>&nbsp;<\/p>\n<p>&nbsp;<\/p>\n<p>&nbsp;<\/p>\n<p>Cifra:<\/p>\n<p>&nbsp;<\/p>\n<p>Ser\u00e1n 10 negocios de la localidad los que van a participar en esta primera edici\u00f3n de Bazarte.<\/p>\n","protected":false},"excerpt":{"rendered":"<p>Hermosillo, Sonora. Este domingo 3 de agosto se realizar\u00e1 la primera edici\u00f3n del evento \u201cBazarte\u201d, el cual es impulsado por la emprendedora Valerie Torrescano para promover el consumo local y dar espacio a peque\u00f1os negocios hermosillenses. &nbsp; La organizadora, coment\u00f3 que esa actividad se llevar\u00e1 a cabo de 5:00 p.m. a 10:00 p.m. en el [&hellip;]<\/p>\n","protected":false},"author":2,"featured_media":225493,"comment_status":"closed","ping_status":"closed","sticky":false,"template":"","format":"standard","meta":{"footnotes":""},"categories":[12870,178],"tags":[12865,12869],"class_list":["post-225492","post","type-post","status-publish","format-standard","has-post-thumbnail","hentry","category-destacadas","category-local","tag-destacadas","tag-local"],"jetpack_featured_media_url":"https:\/\/rnoticias.com.mx\/Portal\/wp-content\/uploads\/2025\/07\/WhatsApp-Image-2025-07-29-at-10.53.54-AM.jpeg","amp_enabled":true,"_links":{"self":[{"href":"https:\/\/rnoticias.com.mx\/Portal\/wp-json\/wp\/v2\/posts\/225492","targetHints":{"allow":["GET"]}}],"collection":[{"href":"https:\/\/rnoticias.com.mx\/Portal\/wp-json\/wp\/v2\/posts"}],"about":[{"href":"https:\/\/rnoticias.com.mx\/Portal\/wp-json\/wp\/v2\/types\/post"}],"author":[{"embeddable":true,"href":"https:\/\/rnoticias.com.mx\/Portal\/wp-json\/wp\/v2\/users\/2"}],"replies":[{"embeddable":true,"href":"https:\/\/rnoticias.com.mx\/Portal\/wp-json\/wp\/v2\/comments?post=225492"}],"version-history":[{"count":1,"href":"https:\/\/rnoticias.com.mx\/Portal\/wp-json\/wp\/v2\/posts\/225492\/revisions"}],"predecessor-version":[{"id":225494,"href":"https:\/\/rnoticias.com.mx\/Portal\/wp-json\/wp\/v2\/posts\/225492\/revisions\/225494"}],"wp:featuredmedia":[{"embeddable":true,"href":"https:\/\/rnoticias.com.mx\/Portal\/wp-json\/wp\/v2\/media\/225493"}],"wp:attachment":[{"href":"https:\/\/rnoticias.com.mx\/Portal\/wp-json\/wp\/v2\/media?parent=225492"}],"wp:term":[{"taxonomy":"category","embeddable":true,"href":"https:\/\/rnoticias.com.mx\/Portal\/wp-json\/wp\/v2\/categories?post=225492"},{"taxonomy":"post_tag","embeddable":true,"href":"https:\/\/rnoticias.com.mx\/Portal\/wp-json\/wp\/v2\/tags?post=225492"}],"curies":[{"name":"wp","href":"https:\/\/api.w.org\/{rel}","templated":true}]}}