{"id":225489,"date":"2025-07-30T21:47:04","date_gmt":"2025-07-31T04:47:04","guid":{"rendered":"https:\/\/rnoticias.com.mx\/Portal\/?p=225489"},"modified":"2025-07-30T21:47:04","modified_gmt":"2025-07-31T04:47:04","slug":"participa-congreso-de-sonora-en-encuentro-pima-y-recibe-solicitud-de-reconocimiento","status":"publish","type":"post","link":"https:\/\/rnoticias.com.mx\/Portal\/2025\/07\/30\/participa-congreso-de-sonora-en-encuentro-pima-y-recibe-solicitud-de-reconocimiento\/","title":{"rendered":"Participa Congreso de Sonora en encuentro pima y recibe solicitud de reconocimiento"},"content":{"rendered":"<p>\u00d3navas, Sonora; 30 de julio de 2025.- El Congreso de Sonora particip\u00f3 en el Segundo Encuentro de L\u00edderes Ind\u00edgenas Pimas, en \u00d3navas, donde sus integrantes refrendaron su compromiso con la defensa de los derechos y la identidad cultural del pueblo pima. Ah\u00ed, representantes de este pueblo originario solicitaron su reconocimiento oficial como grupo \u00e9tnico en la entidad.<\/p>\n<p>La diputada Gabriela Danitza F\u00e9lix Boj\u00f3rquez (MC), junto a Rebeca Irene Silva Gallardo (NAS) y Pr\u00f3spero Valenzuela Mu\u00f1er (Morena), participaron en el encuentro y escucharon las propuestas de los l\u00edderes pimas, refrendando el respaldo legislativo para impulsar pol\u00edticas p\u00fablicas con enfoque intercultural e incluyente.<\/p>\n<p>La jornada fue inaugurada con un mensaje de bienvenida por parte de la presidenta municipal, Ver\u00f3nica Valenzuela Avil\u00e9s, y con un emotivo saludo de las gobernadoras pimas de \u00d3navas, Maycoba y San Juan Diego de Y\u00e9cora, quienes destacaron el compromiso de sus comunidades por preservar su herencia ancestral.<\/p>\n<p>Durante el evento, se cont\u00f3 con la participaci\u00f3n del antrop\u00f3logo Alejandro Aguilar Zeleny, profesor investigador del Instituto Nacional de Antropolog\u00eda e Historia (Centro INAH Sonora) y de Fray David Beaumont, custodio episcopal de los pueblos ind\u00edgenas.<\/p>\n<p>El programa incluy\u00f3 un recorrido por el museo y la presentaci\u00f3n de la rese\u00f1a hist\u00f3rica \u201cEl renacimiento del pueblo pima de \u00d3navas\u201d, a cargo de Isa\u00ed Lapizco, as\u00ed como un repaso de las propuestas surgidas en el Primer Encuentro Pima.<\/p>\n<p>Adem\u00e1s, las l\u00edderes pimas solicitaron se reconozca su asentamiento en \u00d3navas para asegurar su inclusi\u00f3n en pol\u00edticas p\u00fablicas y acceso a apoyos, adem\u00e1s de presentar propuestas para un Plan de Desarrollo Cultural que fortalezca su lengua, saberes tradicionales, pr\u00e1cticas espirituales y v\u00ednculos comunitarios.<\/p>\n<p>Como parte de las actividades culturales y para dar inicio a las fiestas patronales de San Ignacio de Loyola, que se celebran este fin de semana en el municipio, se inaugur\u00f3 la exposici\u00f3n Okis Ivdag, que muestra expresiones visuales y materiales del mundo pima, y se present\u00f3 la tradicional Danza de las Amarillas, s\u00edmbolo de identidad, espiritualidad y resistencia.<\/p>\n","protected":false},"excerpt":{"rendered":"<p>\u00d3navas, Sonora; 30 de julio de 2025.- El Congreso de Sonora particip\u00f3 en el Segundo Encuentro de L\u00edderes Ind\u00edgenas Pimas, en \u00d3navas, donde sus integrantes refrendaron su compromiso con la defensa de los derechos y la identidad cultural del pueblo pima. Ah\u00ed, representantes de este pueblo originario solicitaron su reconocimiento oficial como grupo \u00e9tnico en [&hellip;]<\/p>\n","protected":false},"author":2,"featured_media":225490,"comment_status":"closed","ping_status":"closed","sticky":false,"template":"","format":"standard","meta":{"footnotes":""},"categories":[12870,12868],"tags":[12865,12879],"class_list":["post-225489","post","type-post","status-publish","format-standard","has-post-thumbnail","hentry","category-destacadas","category-politica","tag-destacadas","tag-politica"],"jetpack_featured_media_url":"https:\/\/rnoticias.com.mx\/Portal\/wp-content\/uploads\/2025\/07\/1fc5899a-41b2-4f0e-8f51-102fb973b5f1.jpg","amp_enabled":true,"_links":{"self":[{"href":"https:\/\/rnoticias.com.mx\/Portal\/wp-json\/wp\/v2\/posts\/225489","targetHints":{"allow":["GET"]}}],"collection":[{"href":"https:\/\/rnoticias.com.mx\/Portal\/wp-json\/wp\/v2\/posts"}],"about":[{"href":"https:\/\/rnoticias.com.mx\/Portal\/wp-json\/wp\/v2\/types\/post"}],"author":[{"embeddable":true,"href":"https:\/\/rnoticias.com.mx\/Portal\/wp-json\/wp\/v2\/users\/2"}],"replies":[{"embeddable":true,"href":"https:\/\/rnoticias.com.mx\/Portal\/wp-json\/wp\/v2\/comments?post=225489"}],"version-history":[{"count":1,"href":"https:\/\/rnoticias.com.mx\/Portal\/wp-json\/wp\/v2\/posts\/225489\/revisions"}],"predecessor-version":[{"id":225491,"href":"https:\/\/rnoticias.com.mx\/Portal\/wp-json\/wp\/v2\/posts\/225489\/revisions\/225491"}],"wp:featuredmedia":[{"embeddable":true,"href":"https:\/\/rnoticias.com.mx\/Portal\/wp-json\/wp\/v2\/media\/225490"}],"wp:attachment":[{"href":"https:\/\/rnoticias.com.mx\/Portal\/wp-json\/wp\/v2\/media?parent=225489"}],"wp:term":[{"taxonomy":"category","embeddable":true,"href":"https:\/\/rnoticias.com.mx\/Portal\/wp-json\/wp\/v2\/categories?post=225489"},{"taxonomy":"post_tag","embeddable":true,"href":"https:\/\/rnoticias.com.mx\/Portal\/wp-json\/wp\/v2\/tags?post=225489"}],"curies":[{"name":"wp","href":"https:\/\/api.w.org\/{rel}","templated":true}]}}