{"id":225486,"date":"2025-07-30T21:45:43","date_gmt":"2025-07-31T04:45:43","guid":{"rendered":"https:\/\/rnoticias.com.mx\/Portal\/?p=225486"},"modified":"2025-07-30T21:45:43","modified_gmt":"2025-07-31T04:45:43","slug":"lanzan-2da-edicion-del-premio-nacional-de-literatura-fantastica","status":"publish","type":"post","link":"https:\/\/rnoticias.com.mx\/Portal\/2025\/07\/30\/lanzan-2da-edicion-del-premio-nacional-de-literatura-fantastica\/","title":{"rendered":"Lanzan 2da edici\u00f3n del Premio Nacional de Literatura Fant\u00e1stica"},"content":{"rendered":"<p>Hermosillo, Sonora. El Fondo Editorial de la Universidad de Sonora lanz\u00f3 por segundo a\u00f1o consecutivo el Premio Nacional de Literatura Fant\u00e1stica.<\/p>\n<p>&nbsp;<\/p>\n<p>Iv\u00e1n Ballesteros Rojo, coordinador del Fondo, se\u00f1al\u00f3 que esa convocatoria va dirigida a escritores mayores de edad de todo el pa\u00eds, con el objetivo de reconocer y publicar obras destacadas en los g\u00e9neros de cuento de terror y novela de ciencia ficci\u00f3n.<\/p>\n<p>&nbsp;<\/p>\n<p>\u201cLa convocatoria abri\u00f3 el pasado 17 de junio y cierra el 18 de agosto. En su edici\u00f3n anterior, el certamen recibi\u00f3 casi 300 postulaciones, 170 en cuento de terror y 90 en ciencia ficci\u00f3n, resultando en dos publicaciones que ya est\u00e1n disponibles, ambas con alto nivel literario\u201d, argument\u00f3.<\/p>\n<p>&nbsp;<\/p>\n<p>Finalmente, Ballesteros Rojo indic\u00f3, que los premios incluyen 40 mil pesos para cada categor\u00eda, pueden participar mayores de edad y la publicaci\u00f3n de las obras ganadoras a trav\u00e9s del sello editorial de la Universidad de Sonora.<\/p>\n","protected":false},"excerpt":{"rendered":"<p>Hermosillo, Sonora. El Fondo Editorial de la Universidad de Sonora lanz\u00f3 por segundo a\u00f1o consecutivo el Premio Nacional de Literatura Fant\u00e1stica. &nbsp; Iv\u00e1n Ballesteros Rojo, coordinador del Fondo, se\u00f1al\u00f3 que esa convocatoria va dirigida a escritores mayores de edad de todo el pa\u00eds, con el objetivo de reconocer y publicar obras destacadas en los g\u00e9neros [&hellip;]<\/p>\n","protected":false},"author":2,"featured_media":225487,"comment_status":"closed","ping_status":"closed","sticky":false,"template":"","format":"standard","meta":{"footnotes":""},"categories":[12870,178],"tags":[12865,12869],"class_list":["post-225486","post","type-post","status-publish","format-standard","has-post-thumbnail","hentry","category-destacadas","category-local","tag-destacadas","tag-local"],"jetpack_featured_media_url":"https:\/\/rnoticias.com.mx\/Portal\/wp-content\/uploads\/2025\/07\/9af0b762-c6b3-4278-8f56-be9130e7f5ef.jpg","amp_enabled":true,"_links":{"self":[{"href":"https:\/\/rnoticias.com.mx\/Portal\/wp-json\/wp\/v2\/posts\/225486","targetHints":{"allow":["GET"]}}],"collection":[{"href":"https:\/\/rnoticias.com.mx\/Portal\/wp-json\/wp\/v2\/posts"}],"about":[{"href":"https:\/\/rnoticias.com.mx\/Portal\/wp-json\/wp\/v2\/types\/post"}],"author":[{"embeddable":true,"href":"https:\/\/rnoticias.com.mx\/Portal\/wp-json\/wp\/v2\/users\/2"}],"replies":[{"embeddable":true,"href":"https:\/\/rnoticias.com.mx\/Portal\/wp-json\/wp\/v2\/comments?post=225486"}],"version-history":[{"count":1,"href":"https:\/\/rnoticias.com.mx\/Portal\/wp-json\/wp\/v2\/posts\/225486\/revisions"}],"predecessor-version":[{"id":225488,"href":"https:\/\/rnoticias.com.mx\/Portal\/wp-json\/wp\/v2\/posts\/225486\/revisions\/225488"}],"wp:featuredmedia":[{"embeddable":true,"href":"https:\/\/rnoticias.com.mx\/Portal\/wp-json\/wp\/v2\/media\/225487"}],"wp:attachment":[{"href":"https:\/\/rnoticias.com.mx\/Portal\/wp-json\/wp\/v2\/media?parent=225486"}],"wp:term":[{"taxonomy":"category","embeddable":true,"href":"https:\/\/rnoticias.com.mx\/Portal\/wp-json\/wp\/v2\/categories?post=225486"},{"taxonomy":"post_tag","embeddable":true,"href":"https:\/\/rnoticias.com.mx\/Portal\/wp-json\/wp\/v2\/tags?post=225486"}],"curies":[{"name":"wp","href":"https:\/\/api.w.org\/{rel}","templated":true}]}}