{"id":225443,"date":"2025-07-30T14:39:57","date_gmt":"2025-07-30T21:39:57","guid":{"rendered":"https:\/\/rnoticias.com.mx\/Portal\/?p=225443"},"modified":"2025-07-30T14:39:57","modified_gmt":"2025-07-30T21:39:57","slug":"retiran-alerta-de-tsunami-en-mexico","status":"publish","type":"post","link":"https:\/\/rnoticias.com.mx\/Portal\/2025\/07\/30\/retiran-alerta-de-tsunami-en-mexico\/","title":{"rendered":"Retiran alerta de tsunami en M\u00e9xico"},"content":{"rendered":"<p>La\u00a0<strong>Secretar\u00eda de Marina<\/strong>\u00a0(Semar) inform\u00f3 que fue cancelada la\u00a0<strong>alerta de tsunami<\/strong>\u00a0emitida tras el sismo magnitud 8.8 ocurrido el martes en Rusia.<\/p>\n<p>A trav\u00e9s del\u00a0<strong>Centro de Alerta de Tsunamis<\/strong>, la Semar actualiz\u00f3 el estatus de la alerta de tsunami para el\u00a0<strong>Pac\u00edfico mexicano<\/strong>, y precis\u00f3 que fue evaluado el nivel del mar en el litoral del pa\u00eds y zonas cercanas al epicentro, por lo que fue desactivada dicha alerta.<\/p>\n<p>En este sentido, afirm\u00f3 que no se esperan variaciones significativas que afecten a la poblaci\u00f3n, ni a las\u00a0<strong>actividades mar\u00edtimas y puertos<\/strong>.<\/p>\n<p>&nbsp;<\/p>\n<p>Fuente: El Universal<\/p>\n","protected":false},"excerpt":{"rendered":"<p>La\u00a0Secretar\u00eda de Marina\u00a0(Semar) inform\u00f3 que fue cancelada la\u00a0alerta de tsunami\u00a0emitida tras el sismo magnitud 8.8 ocurrido el martes en Rusia. A trav\u00e9s del\u00a0Centro de Alerta de Tsunamis, la Semar actualiz\u00f3 el estatus de la alerta de tsunami para el\u00a0Pac\u00edfico mexicano, y precis\u00f3 que fue evaluado el nivel del mar en el litoral del pa\u00eds y [&hellip;]<\/p>\n","protected":false},"author":2,"featured_media":225444,"comment_status":"closed","ping_status":"closed","sticky":false,"template":"","format":"standard","meta":{"footnotes":""},"categories":[12870,172],"tags":[12865,12874],"class_list":["post-225443","post","type-post","status-publish","format-standard","has-post-thumbnail","hentry","category-destacadas","category-nacional","tag-destacadas","tag-nacional"],"jetpack_featured_media_url":"https:\/\/rnoticias.com.mx\/Portal\/wp-content\/uploads\/2025\/07\/Oleaje-alto-en-Mazatlan.-5.webp","amp_enabled":true,"_links":{"self":[{"href":"https:\/\/rnoticias.com.mx\/Portal\/wp-json\/wp\/v2\/posts\/225443","targetHints":{"allow":["GET"]}}],"collection":[{"href":"https:\/\/rnoticias.com.mx\/Portal\/wp-json\/wp\/v2\/posts"}],"about":[{"href":"https:\/\/rnoticias.com.mx\/Portal\/wp-json\/wp\/v2\/types\/post"}],"author":[{"embeddable":true,"href":"https:\/\/rnoticias.com.mx\/Portal\/wp-json\/wp\/v2\/users\/2"}],"replies":[{"embeddable":true,"href":"https:\/\/rnoticias.com.mx\/Portal\/wp-json\/wp\/v2\/comments?post=225443"}],"version-history":[{"count":1,"href":"https:\/\/rnoticias.com.mx\/Portal\/wp-json\/wp\/v2\/posts\/225443\/revisions"}],"predecessor-version":[{"id":225445,"href":"https:\/\/rnoticias.com.mx\/Portal\/wp-json\/wp\/v2\/posts\/225443\/revisions\/225445"}],"wp:featuredmedia":[{"embeddable":true,"href":"https:\/\/rnoticias.com.mx\/Portal\/wp-json\/wp\/v2\/media\/225444"}],"wp:attachment":[{"href":"https:\/\/rnoticias.com.mx\/Portal\/wp-json\/wp\/v2\/media?parent=225443"}],"wp:term":[{"taxonomy":"category","embeddable":true,"href":"https:\/\/rnoticias.com.mx\/Portal\/wp-json\/wp\/v2\/categories?post=225443"},{"taxonomy":"post_tag","embeddable":true,"href":"https:\/\/rnoticias.com.mx\/Portal\/wp-json\/wp\/v2\/tags?post=225443"}],"curies":[{"name":"wp","href":"https:\/\/api.w.org\/{rel}","templated":true}]}}