{"id":225416,"date":"2025-07-30T12:41:48","date_gmt":"2025-07-30T19:41:48","guid":{"rendered":"https:\/\/rnoticias.com.mx\/Portal\/?p=225416"},"modified":"2025-07-30T12:41:48","modified_gmt":"2025-07-30T19:41:48","slug":"incorpora-gobierno-de-sonora-atencion-de-ginecologia-en-cias-de-isssteson","status":"publish","type":"post","link":"https:\/\/rnoticias.com.mx\/Portal\/2025\/07\/30\/incorpora-gobierno-de-sonora-atencion-de-ginecologia-en-cias-de-isssteson\/","title":{"rendered":"Incorpora Gobierno de Sonora atenci\u00f3n de ginecolog\u00eda en CIAS de Isssteson"},"content":{"rendered":"<p align=\"left\">Hermosillo, Sonora; 30 de julio de 2025.- Como parte del compromiso del Gobierno de Sonora con una atenci\u00f3n m\u00e9dica digna y especializada, el Instituto de Seguridad y Servicios Sociales de los Trabajadores del Estado de Sonora (Isssteson) transform\u00f3 los servicios en los Centros Integrales de Atenci\u00f3n a la Salud (CIAS) al incorporar el \u00e1rea de ginecolog\u00eda con ultrasonido a la consulta diaria.<\/p>\n<p align=\"left\">\n<p align=\"left\">Con el respaldo del gobernador Alfonso Durazo Monta\u00f1o, m\u00e9dicos ginec\u00f3logos comenzaron a brindar consulta en los CIAS Centro, Norte y Sur de Hermosillo, adem\u00e1s de adquirirse nuevos equipos port\u00e1tiles de ultrasonido con pantallas de \u00faltima generaci\u00f3n, instalados directamente en los consultorios.<\/p>\n<p align=\"left\">\n<p align=\"left\">El nuevo servicio inici\u00f3 el 16 de junio y, al 16 de julio, se hab\u00edan brindado 364 consultas ginecol\u00f3gicas completas, lo que representa un avance significativo en la detecci\u00f3n oportuna y el seguimiento de padecimientos que afectan la salud de las derechohabientes.<\/p>\n<p align=\"left\">\n<p align=\"left\">Adem\u00e1s, este servicio ya se ofrece en el m\u00f3dulo del instituto en Puerto Pe\u00f1asco y pr\u00f3ximamente se implementar\u00e1 en los CIAS de Huatabampo, Navojoa y Cajeme, con el objetivo de ampliar y modernizar la cobertura m\u00e9dica especializada para las mujeres derechohabientes.<\/p>\n","protected":false},"excerpt":{"rendered":"<p>Hermosillo, Sonora; 30 de julio de 2025.- Como parte del compromiso del Gobierno de Sonora con una atenci\u00f3n m\u00e9dica digna y especializada, el Instituto de Seguridad y Servicios Sociales de los Trabajadores del Estado de Sonora (Isssteson) transform\u00f3 los servicios en los Centros Integrales de Atenci\u00f3n a la Salud (CIAS) al incorporar el \u00e1rea de [&hellip;]<\/p>\n","protected":false},"author":2,"featured_media":225417,"comment_status":"closed","ping_status":"closed","sticky":false,"template":"","format":"standard","meta":{"footnotes":""},"categories":[12870,178],"tags":[12865,12869],"class_list":["post-225416","post","type-post","status-publish","format-standard","has-post-thumbnail","hentry","category-destacadas","category-local","tag-destacadas","tag-local"],"jetpack_featured_media_url":"https:\/\/rnoticias.com.mx\/Portal\/wp-content\/uploads\/2025\/07\/unnamed-19-3.jpg","amp_enabled":true,"_links":{"self":[{"href":"https:\/\/rnoticias.com.mx\/Portal\/wp-json\/wp\/v2\/posts\/225416","targetHints":{"allow":["GET"]}}],"collection":[{"href":"https:\/\/rnoticias.com.mx\/Portal\/wp-json\/wp\/v2\/posts"}],"about":[{"href":"https:\/\/rnoticias.com.mx\/Portal\/wp-json\/wp\/v2\/types\/post"}],"author":[{"embeddable":true,"href":"https:\/\/rnoticias.com.mx\/Portal\/wp-json\/wp\/v2\/users\/2"}],"replies":[{"embeddable":true,"href":"https:\/\/rnoticias.com.mx\/Portal\/wp-json\/wp\/v2\/comments?post=225416"}],"version-history":[{"count":1,"href":"https:\/\/rnoticias.com.mx\/Portal\/wp-json\/wp\/v2\/posts\/225416\/revisions"}],"predecessor-version":[{"id":225418,"href":"https:\/\/rnoticias.com.mx\/Portal\/wp-json\/wp\/v2\/posts\/225416\/revisions\/225418"}],"wp:featuredmedia":[{"embeddable":true,"href":"https:\/\/rnoticias.com.mx\/Portal\/wp-json\/wp\/v2\/media\/225417"}],"wp:attachment":[{"href":"https:\/\/rnoticias.com.mx\/Portal\/wp-json\/wp\/v2\/media?parent=225416"}],"wp:term":[{"taxonomy":"category","embeddable":true,"href":"https:\/\/rnoticias.com.mx\/Portal\/wp-json\/wp\/v2\/categories?post=225416"},{"taxonomy":"post_tag","embeddable":true,"href":"https:\/\/rnoticias.com.mx\/Portal\/wp-json\/wp\/v2\/tags?post=225416"}],"curies":[{"name":"wp","href":"https:\/\/api.w.org\/{rel}","templated":true}]}}