{"id":225395,"date":"2025-07-30T09:44:32","date_gmt":"2025-07-30T16:44:32","guid":{"rendered":"https:\/\/rnoticias.com.mx\/Portal\/?p=225395"},"modified":"2025-07-30T09:44:32","modified_gmt":"2025-07-30T16:44:32","slug":"gobierno-de-sonora-invita-a-jovenes-a-registrarse-en-la-ues-antes-del-1-de-agosto","status":"publish","type":"post","link":"https:\/\/rnoticias.com.mx\/Portal\/2025\/07\/30\/gobierno-de-sonora-invita-a-jovenes-a-registrarse-en-la-ues-antes-del-1-de-agosto\/","title":{"rendered":"Gobierno de Sonora invita a j\u00f3venes a registrarse en la UES antes del 1 de agosto"},"content":{"rendered":"<p>Hermosillo, Sonora; a julio de 2025.- Para que m\u00e1s j\u00f3venes sonorenses accedan a educaci\u00f3n superior de calidad, el Gobierno de Sonora, a trav\u00e9s de la Universidad Estatal de Sonora (UES), mantiene abierto su segundo periodo de registro de aspirantes de nuevo ingreso, durante julio y hasta el 1 de agosto.<\/p>\n<p>En este segundo proceso pueden registrarse en\u00a0<a href=\"http:\/\/aspirantes.ues.mx\/\" target=\"_blank\" rel=\"noopener\" data-saferedirecturl=\"https:\/\/www.google.com\/url?q=http:\/\/aspirantes.ues.mx&amp;source=gmail&amp;ust=1753820965895000&amp;usg=AOvVaw18_H5pG05O3LvyJRRlBV97\">aspirantes.ues.mx<\/a>\u00a0quienes no lo hayan hecho previamente, as\u00ed como aquellos que no fueron aceptados en la primera convocatoria. Estos \u00faltimos deber\u00e1n acudir al \u00e1rea de Control Escolar, de lunes a viernes, de 9:00 a 13:00 horas, para recibir orientaci\u00f3n sobre las opciones de carrera disponibles.<\/p>\n<p>La rectora de la UES, Martha Patricia Pati\u00f1o Fierro, destac\u00f3 que esta acci\u00f3n responde a la encomienda del gobernador Alfonso Durazo de garantizar que ning\u00fan joven sonorense se quede sin la oportunidad de cursar una carrera universitaria.<\/p>\n<p>\u201cInvito a las y los egresados de preparatoria que a\u00fan no tienen un lugar, a aprovechar esta \u00faltima oportunidad para estudiar una carrera universitaria en la UES. Contamos con excelentes programas presenciales y virtuales, altamente vinculados a los sectores productivos del estado, que les permitir\u00e1n acceder a mejores oportunidades laborales al egresar\u201d, expres\u00f3.<\/p>\n<p>La UES cuenta con unidades acad\u00e9micas en Hermosillo, San Luis R\u00edo Colorado, Navojoa, Magdalena y Benito Ju\u00e1rez. Entre los programas presenciales con espacios disponibles est\u00e1n las ingenier\u00edas Ambiental, Biom\u00e9dica, Geociencias, Horticultura, Mecatr\u00f3nica, Software e Industrial en Manufactura; as\u00ed como las licenciaturas en Administraci\u00f3n de Empresas, Empresas Tur\u00edsticas, Agronegocios, Comercio Internacional, Contadur\u00eda, Ecolog\u00eda, Ense\u00f1anza del Ingl\u00e9s, Entrenamiento Deportivo, Finanzas e Inversiones y Criminolog\u00eda.<\/p>\n<p>Para quienes trabajan, viven lejos de alguna unidad o buscan mayor flexibilidad de horario, est\u00e1n disponibles los programas virtuales en Administraci\u00f3n de Empresas, Contadur\u00eda e Ingenier\u00eda en Software.<\/p>\n","protected":false},"excerpt":{"rendered":"<p>Hermosillo, Sonora; a julio de 2025.- Para que m\u00e1s j\u00f3venes sonorenses accedan a educaci\u00f3n superior de calidad, el Gobierno de Sonora, a trav\u00e9s de la Universidad Estatal de Sonora (UES), mantiene abierto su segundo periodo de registro de aspirantes de nuevo ingreso, durante julio y hasta el 1 de agosto. En este segundo proceso pueden [&hellip;]<\/p>\n","protected":false},"author":2,"featured_media":225396,"comment_status":"closed","ping_status":"closed","sticky":false,"template":"","format":"standard","meta":{"footnotes":""},"categories":[12870,178],"tags":[12865,12869],"class_list":["post-225395","post","type-post","status-publish","format-standard","has-post-thumbnail","hentry","category-destacadas","category-local","tag-destacadas","tag-local"],"jetpack_featured_media_url":"https:\/\/rnoticias.com.mx\/Portal\/wp-content\/uploads\/2025\/07\/unnamed-2-24.jpg","amp_enabled":true,"_links":{"self":[{"href":"https:\/\/rnoticias.com.mx\/Portal\/wp-json\/wp\/v2\/posts\/225395","targetHints":{"allow":["GET"]}}],"collection":[{"href":"https:\/\/rnoticias.com.mx\/Portal\/wp-json\/wp\/v2\/posts"}],"about":[{"href":"https:\/\/rnoticias.com.mx\/Portal\/wp-json\/wp\/v2\/types\/post"}],"author":[{"embeddable":true,"href":"https:\/\/rnoticias.com.mx\/Portal\/wp-json\/wp\/v2\/users\/2"}],"replies":[{"embeddable":true,"href":"https:\/\/rnoticias.com.mx\/Portal\/wp-json\/wp\/v2\/comments?post=225395"}],"version-history":[{"count":1,"href":"https:\/\/rnoticias.com.mx\/Portal\/wp-json\/wp\/v2\/posts\/225395\/revisions"}],"predecessor-version":[{"id":225397,"href":"https:\/\/rnoticias.com.mx\/Portal\/wp-json\/wp\/v2\/posts\/225395\/revisions\/225397"}],"wp:featuredmedia":[{"embeddable":true,"href":"https:\/\/rnoticias.com.mx\/Portal\/wp-json\/wp\/v2\/media\/225396"}],"wp:attachment":[{"href":"https:\/\/rnoticias.com.mx\/Portal\/wp-json\/wp\/v2\/media?parent=225395"}],"wp:term":[{"taxonomy":"category","embeddable":true,"href":"https:\/\/rnoticias.com.mx\/Portal\/wp-json\/wp\/v2\/categories?post=225395"},{"taxonomy":"post_tag","embeddable":true,"href":"https:\/\/rnoticias.com.mx\/Portal\/wp-json\/wp\/v2\/tags?post=225395"}],"curies":[{"name":"wp","href":"https:\/\/api.w.org\/{rel}","templated":true}]}}