{"id":225392,"date":"2025-07-30T09:43:44","date_gmt":"2025-07-30T16:43:44","guid":{"rendered":"https:\/\/rnoticias.com.mx\/Portal\/?p=225392"},"modified":"2025-07-30T09:43:44","modified_gmt":"2025-07-30T16:43:44","slug":"la-hepatitis-es-curable-si-se-lleva-un-tratamiento-adecuado-gobierno-de-sonora","status":"publish","type":"post","link":"https:\/\/rnoticias.com.mx\/Portal\/2025\/07\/30\/la-hepatitis-es-curable-si-se-lleva-un-tratamiento-adecuado-gobierno-de-sonora\/","title":{"rendered":"La hepatitis es curable si se lleva un tratamiento adecuado: Gobierno de Sonora"},"content":{"rendered":"<p align=\"left\">Hermosillo, Sonora; 30 de julio de 2025.- En el marco del D\u00eda Mundial contra la Hepatitis, el Gobierno de Sonora, a trav\u00e9s de la Secretar\u00eda de Salud P\u00fablica (SSP), hizo un llamado a la poblaci\u00f3n a detectar a tiempo esta enfermedad que, aunque silenciosa y potencialmente grave, es curable si se sigue un tratamiento adecuado.<\/p>\n<p align=\"left\">La dependencia explic\u00f3 que existen diferentes tipos del virus de la hepatitis: A, B, C, D y E, los cuales se transmiten de diversas formas, desde la ingesta de agua o alimentos contaminados, hasta el contacto con fluidos corporales, sangre infectada o pr\u00e1cticas sexuales sin protecci\u00f3n. Por ello, subray\u00f3 la importancia de mantener una adecuada higiene y adoptar conductas responsables para reducir los riesgos de contagio.<\/p>\n<p align=\"left\">Uno de los principales retos en la lucha contra esta enfermedad es su car\u00e1cter asintom\u00e1tico en la mayor\u00eda de los casos. La SSP inform\u00f3 que muchas personas pueden vivir con hepatitis durante m\u00e1s de una d\u00e9cada sin presentar s\u00edntomas, lo que puede derivar en da\u00f1os hep\u00e1ticos graves, manifestados mediante signos como ictericia, fatiga extrema y malestar abdominal.<\/p>\n<p align=\"left\">Para asegurar el \u00e9xito del tratamiento, que generalmente tiene una duraci\u00f3n de tres meses, es fundamental que las y los pacientes acudan a sus consultas, sigan al pie de la letra las indicaciones m\u00e9dicas y mantengan un compromiso firme con su salud. El seguimiento cl\u00ednico es clave para lograr la curaci\u00f3n total del virus.<\/p>\n<p align=\"left\">La SSP enfatiz\u00f3 que existen vacunas eficaces y seguras, especialmente contra los tipos A y B de hepatitis, y recomend\u00f3 su aplicaci\u00f3n en personal de salud y personas con factores de riesgo. Asimismo, exhort\u00f3 a mantener pr\u00e1cticas preventivas como no compartir objetos de uso personal (rastrillos, cepillos dentales, corta\u00fa\u00f1as) y evitar el uso de jeringas no esterilizadas.<\/p>\n","protected":false},"excerpt":{"rendered":"<p>Hermosillo, Sonora; 30 de julio de 2025.- En el marco del D\u00eda Mundial contra la Hepatitis, el Gobierno de Sonora, a trav\u00e9s de la Secretar\u00eda de Salud P\u00fablica (SSP), hizo un llamado a la poblaci\u00f3n a detectar a tiempo esta enfermedad que, aunque silenciosa y potencialmente grave, es curable si se sigue un tratamiento adecuado. [&hellip;]<\/p>\n","protected":false},"author":2,"featured_media":225393,"comment_status":"closed","ping_status":"closed","sticky":false,"template":"","format":"standard","meta":{"footnotes":""},"categories":[12870,178],"tags":[12865,12869],"class_list":["post-225392","post","type-post","status-publish","format-standard","has-post-thumbnail","hentry","category-destacadas","category-local","tag-destacadas","tag-local"],"jetpack_featured_media_url":"https:\/\/rnoticias.com.mx\/Portal\/wp-content\/uploads\/2025\/07\/unnamed-1-38.jpg","amp_enabled":true,"_links":{"self":[{"href":"https:\/\/rnoticias.com.mx\/Portal\/wp-json\/wp\/v2\/posts\/225392","targetHints":{"allow":["GET"]}}],"collection":[{"href":"https:\/\/rnoticias.com.mx\/Portal\/wp-json\/wp\/v2\/posts"}],"about":[{"href":"https:\/\/rnoticias.com.mx\/Portal\/wp-json\/wp\/v2\/types\/post"}],"author":[{"embeddable":true,"href":"https:\/\/rnoticias.com.mx\/Portal\/wp-json\/wp\/v2\/users\/2"}],"replies":[{"embeddable":true,"href":"https:\/\/rnoticias.com.mx\/Portal\/wp-json\/wp\/v2\/comments?post=225392"}],"version-history":[{"count":1,"href":"https:\/\/rnoticias.com.mx\/Portal\/wp-json\/wp\/v2\/posts\/225392\/revisions"}],"predecessor-version":[{"id":225394,"href":"https:\/\/rnoticias.com.mx\/Portal\/wp-json\/wp\/v2\/posts\/225392\/revisions\/225394"}],"wp:featuredmedia":[{"embeddable":true,"href":"https:\/\/rnoticias.com.mx\/Portal\/wp-json\/wp\/v2\/media\/225393"}],"wp:attachment":[{"href":"https:\/\/rnoticias.com.mx\/Portal\/wp-json\/wp\/v2\/media?parent=225392"}],"wp:term":[{"taxonomy":"category","embeddable":true,"href":"https:\/\/rnoticias.com.mx\/Portal\/wp-json\/wp\/v2\/categories?post=225392"},{"taxonomy":"post_tag","embeddable":true,"href":"https:\/\/rnoticias.com.mx\/Portal\/wp-json\/wp\/v2\/tags?post=225392"}],"curies":[{"name":"wp","href":"https:\/\/api.w.org\/{rel}","templated":true}]}}