{"id":225386,"date":"2025-07-30T09:25:26","date_gmt":"2025-07-30T16:25:26","guid":{"rendered":"https:\/\/rnoticias.com.mx\/Portal\/?p=225386"},"modified":"2025-07-30T09:25:26","modified_gmt":"2025-07-30T16:25:26","slug":"leon-marchad-pulveriza-el-record-del-mundo-de-los-200-metros-combinados","status":"publish","type":"post","link":"https:\/\/rnoticias.com.mx\/Portal\/2025\/07\/30\/leon-marchad-pulveriza-el-record-del-mundo-de-los-200-metros-combinados\/","title":{"rendered":"Leon Marchad pulveriza el r\u00e9cord del mundo de los 200 metros combinados"},"content":{"rendered":"<p>El franc\u00e9s\u00a0<strong>Leon Marchand\u00a0<\/strong>estableci\u00f3 un<strong>\u00a0nuevo r\u00e9cord del mundo<\/strong>\u00a0de los 200 metros combinados tras nadar este mi\u00e9rcoles en las semifinales de los\u00a0<strong>Mundiales de Singapur<\/strong>\u00a0en un tiempo de 1:52.69 minutos.<\/p>\n<p>Marchand<strong>\u00a0rebaj\u00f3 en 1.31 segundos la anterior plusmarca universal<\/strong>, en posesi\u00f3n del estadounidense Ryan Lochte, con un crono de 1:54.00 desde los Mundiales disputados en el a\u00f1o 2011 en Shangh\u00e1i.<\/p>\n<p>Un impresionante &#8216;mordisco&#8217; que confirm\u00f3 a Leon Marchand, vigente<strong>\u00a0campe\u00f3n ol\u00edmpico<\/strong>\u00a0de la distancia, como el m\u00e1ximo y \u00fanico favorito para colgarse la medalla de oro en la final de este jueves.<\/p>\n<p>&nbsp;<\/p>\n<p>Fuente: EFE<\/p>\n","protected":false},"excerpt":{"rendered":"<p>El franc\u00e9s\u00a0Leon Marchand\u00a0estableci\u00f3 un\u00a0nuevo r\u00e9cord del mundo\u00a0de los 200 metros combinados tras nadar este mi\u00e9rcoles en las semifinales de los\u00a0Mundiales de Singapur\u00a0en un tiempo de 1:52.69 minutos. Marchand\u00a0rebaj\u00f3 en 1.31 segundos la anterior plusmarca universal, en posesi\u00f3n del estadounidense Ryan Lochte, con un crono de 1:54.00 desde los Mundiales disputados en el a\u00f1o 2011 en [&hellip;]<\/p>\n","protected":false},"author":2,"featured_media":225387,"comment_status":"closed","ping_status":"closed","sticky":false,"template":"","format":"standard","meta":{"footnotes":""},"categories":[188,12870],"tags":[5231,12865],"class_list":["post-225386","post","type-post","status-publish","format-standard","has-post-thumbnail","hentry","category-deportes","category-destacadas","tag-deportes","tag-destacadas"],"jetpack_featured_media_url":"https:\/\/rnoticias.com.mx\/Portal\/wp-content\/uploads\/2025\/07\/Leon-Marchand-1-2.jpg","amp_enabled":true,"_links":{"self":[{"href":"https:\/\/rnoticias.com.mx\/Portal\/wp-json\/wp\/v2\/posts\/225386","targetHints":{"allow":["GET"]}}],"collection":[{"href":"https:\/\/rnoticias.com.mx\/Portal\/wp-json\/wp\/v2\/posts"}],"about":[{"href":"https:\/\/rnoticias.com.mx\/Portal\/wp-json\/wp\/v2\/types\/post"}],"author":[{"embeddable":true,"href":"https:\/\/rnoticias.com.mx\/Portal\/wp-json\/wp\/v2\/users\/2"}],"replies":[{"embeddable":true,"href":"https:\/\/rnoticias.com.mx\/Portal\/wp-json\/wp\/v2\/comments?post=225386"}],"version-history":[{"count":1,"href":"https:\/\/rnoticias.com.mx\/Portal\/wp-json\/wp\/v2\/posts\/225386\/revisions"}],"predecessor-version":[{"id":225388,"href":"https:\/\/rnoticias.com.mx\/Portal\/wp-json\/wp\/v2\/posts\/225386\/revisions\/225388"}],"wp:featuredmedia":[{"embeddable":true,"href":"https:\/\/rnoticias.com.mx\/Portal\/wp-json\/wp\/v2\/media\/225387"}],"wp:attachment":[{"href":"https:\/\/rnoticias.com.mx\/Portal\/wp-json\/wp\/v2\/media?parent=225386"}],"wp:term":[{"taxonomy":"category","embeddable":true,"href":"https:\/\/rnoticias.com.mx\/Portal\/wp-json\/wp\/v2\/categories?post=225386"},{"taxonomy":"post_tag","embeddable":true,"href":"https:\/\/rnoticias.com.mx\/Portal\/wp-json\/wp\/v2\/tags?post=225386"}],"curies":[{"name":"wp","href":"https:\/\/api.w.org\/{rel}","templated":true}]}}