{"id":225367,"date":"2025-07-29T17:23:35","date_gmt":"2025-07-30T00:23:35","guid":{"rendered":"https:\/\/rnoticias.com.mx\/Portal\/?p=225367"},"modified":"2025-07-29T17:23:35","modified_gmt":"2025-07-30T00:23:35","slug":"invita-fundacion-piel-con-vida-a-nueva-jornada-de-detencion-de-cancer-de-piel","status":"publish","type":"post","link":"https:\/\/rnoticias.com.mx\/Portal\/2025\/07\/29\/invita-fundacion-piel-con-vida-a-nueva-jornada-de-detencion-de-cancer-de-piel\/","title":{"rendered":"Invita fundaci\u00f3n Piel con Vida a nueva jornada de detenci\u00f3n de c\u00e1ncer de piel"},"content":{"rendered":"<p>Hermosillo, Sonora. Este mi\u00e9rcoles 30 de julio y el s\u00e1bado 2 de agosto, la Fundaci\u00f3n Piel con Vida va a continuar en la ciudad de Hermosillo con su campa\u00f1a gratuita de detenci\u00f3n de c\u00e1ncer de piel a trav\u00e9s de la jornada \u201cPor una Piel Sana\u201d, inform\u00f3 Janet V\u00e1zquez Moreno.<\/p>\n<p>&nbsp;<\/p>\n<p>La gerente de la fundaci\u00f3n, manifest\u00f3 que las jornadas se van a realizar por segunda semana consecutiva en las instalaciones de la base centro de Cruz Roja Hermosillo.<\/p>\n<p>&nbsp;<\/p>\n<p>\u201cLa jornada de este mi\u00e9rcoles 30 ser\u00e1 en un horario de 9 de la ma\u00f1ana a 12 del mediod\u00eda y la del s\u00e1bado 02 de agosto ser\u00e1 de 4 de la tarde a 8 de la noche. La cuota de recuperaci\u00f3n es de 20 pesos\u201d, coment\u00f3.<\/p>\n<p>&nbsp;<\/p>\n<p>Record\u00f3, que esa jornada permanente, lleva realiz\u00e1ndose durante m\u00e1s de 3 a\u00f1os en Hermosillo, con consultas m\u00e9dicas por dermat\u00f3logos que revisan la piel de los pacientes sobre todo de aquellos que tienen lesiones sospechosas de c\u00e1ncer de piel.<\/p>\n<p>&nbsp;<\/p>\n<p>Detall\u00f3, que en el caso de detectar lesiones sospechosas o casos graves, los pacientes son canalizados al hospital correspondiente seg\u00fan su cobertura m\u00e9dica.<\/p>\n<p>&nbsp;<\/p>\n<p>Finalmente, Janeth V\u00e1zquez, dio a conocer que las personas que deseen obtener una cita para la actual jornada, deben hacerlo a trav\u00e9s del WhatsApp 6624 441592.<\/p>\n<p>&nbsp;<\/p>\n","protected":false},"excerpt":{"rendered":"<p>Hermosillo, Sonora. Este mi\u00e9rcoles 30 de julio y el s\u00e1bado 2 de agosto, la Fundaci\u00f3n Piel con Vida va a continuar en la ciudad de Hermosillo con su campa\u00f1a gratuita de detenci\u00f3n de c\u00e1ncer de piel a trav\u00e9s de la jornada \u201cPor una Piel Sana\u201d, inform\u00f3 Janet V\u00e1zquez Moreno. &nbsp; La gerente de la fundaci\u00f3n, [&hellip;]<\/p>\n","protected":false},"author":2,"featured_media":225368,"comment_status":"closed","ping_status":"closed","sticky":false,"template":"","format":"standard","meta":{"footnotes":""},"categories":[12870,178],"tags":[12865,12869],"class_list":["post-225367","post","type-post","status-publish","format-standard","has-post-thumbnail","hentry","category-destacadas","category-local","tag-destacadas","tag-local"],"jetpack_featured_media_url":"https:\/\/rnoticias.com.mx\/Portal\/wp-content\/uploads\/2025\/07\/fotonoticia_20231011081752_690.jpg","amp_enabled":true,"_links":{"self":[{"href":"https:\/\/rnoticias.com.mx\/Portal\/wp-json\/wp\/v2\/posts\/225367","targetHints":{"allow":["GET"]}}],"collection":[{"href":"https:\/\/rnoticias.com.mx\/Portal\/wp-json\/wp\/v2\/posts"}],"about":[{"href":"https:\/\/rnoticias.com.mx\/Portal\/wp-json\/wp\/v2\/types\/post"}],"author":[{"embeddable":true,"href":"https:\/\/rnoticias.com.mx\/Portal\/wp-json\/wp\/v2\/users\/2"}],"replies":[{"embeddable":true,"href":"https:\/\/rnoticias.com.mx\/Portal\/wp-json\/wp\/v2\/comments?post=225367"}],"version-history":[{"count":1,"href":"https:\/\/rnoticias.com.mx\/Portal\/wp-json\/wp\/v2\/posts\/225367\/revisions"}],"predecessor-version":[{"id":225369,"href":"https:\/\/rnoticias.com.mx\/Portal\/wp-json\/wp\/v2\/posts\/225367\/revisions\/225369"}],"wp:featuredmedia":[{"embeddable":true,"href":"https:\/\/rnoticias.com.mx\/Portal\/wp-json\/wp\/v2\/media\/225368"}],"wp:attachment":[{"href":"https:\/\/rnoticias.com.mx\/Portal\/wp-json\/wp\/v2\/media?parent=225367"}],"wp:term":[{"taxonomy":"category","embeddable":true,"href":"https:\/\/rnoticias.com.mx\/Portal\/wp-json\/wp\/v2\/categories?post=225367"},{"taxonomy":"post_tag","embeddable":true,"href":"https:\/\/rnoticias.com.mx\/Portal\/wp-json\/wp\/v2\/tags?post=225367"}],"curies":[{"name":"wp","href":"https:\/\/api.w.org\/{rel}","templated":true}]}}