{"id":225361,"date":"2025-07-29T16:12:26","date_gmt":"2025-07-29T23:12:26","guid":{"rendered":"https:\/\/rnoticias.com.mx\/Portal\/?p=225361"},"modified":"2025-07-29T16:12:26","modified_gmt":"2025-07-29T23:12:26","slug":"baja-inflacion-en-mexico-abre-expectativas-positivas-para-la-economia-sonorense","status":"publish","type":"post","link":"https:\/\/rnoticias.com.mx\/Portal\/2025\/07\/29\/baja-inflacion-en-mexico-abre-expectativas-positivas-para-la-economia-sonorense\/","title":{"rendered":"Baja inflaci\u00f3n en M\u00e9xico abre expectativas positivas para la econom\u00eda sonorense"},"content":{"rendered":"<p>Hermosillo, Sonora. La inflaci\u00f3n en M\u00e9xico se desaceler\u00f3 por tercera quincena consecutiva y se ubic\u00f3 en 3.55 por ciento anual en la primera mitad de julio, cifra inferior al 3.61 por ciento proyectado por analistas y la m\u00e1s baja desde enero de este a\u00f1o, impulsada principalmente por la moderaci\u00f3n en el \u00edndice no subyacente.<\/p>\n<p>&nbsp;<\/p>\n<p>Arturo Fern\u00e1ndez D\u00edaz Gonz\u00e1lez, presidente de Sonora Global, celebr\u00f3 esta disminuci\u00f3n al se\u00f1alar que representa mayor estabilidad en los precios, lo que podr\u00eda abrir la puerta a recortes en la tasa de inter\u00e9s por parte del Banco de M\u00e9xico.<\/p>\n<p>&nbsp;<\/p>\n<p>\u201cPara Sonora, con su fuerte actividad productiva y exportadora, esto representa un mejor clima para invertir, consumir y planear a futuro. Debemos destacar el impacto positivo que tendr\u00eda en el acceso al cr\u00e9dito y en el consumo de las familias y las peque\u00f1as empresas\u201d, afirm\u00f3.<\/p>\n<p>&nbsp;<\/p>\n<p>Advirti\u00f3, sin embargo, que es necesario mantener vigilancia sobre factores como los precios de la energ\u00eda, los alimentos y el tipo de cambio.<\/p>\n<p>&nbsp;<\/p>\n<p>Finalmente, D\u00edaz Gonz\u00e1lez, reiter\u00f3 que desde Sonora Global continuar\u00e1n impulsando la conexi\u00f3n empresarial y el an\u00e1lisis econ\u00f3mico para fortalecer el desarrollo regional.<\/p>\n<p>&nbsp;<\/p>\n","protected":false},"excerpt":{"rendered":"<p>Hermosillo, Sonora. La inflaci\u00f3n en M\u00e9xico se desaceler\u00f3 por tercera quincena consecutiva y se ubic\u00f3 en 3.55 por ciento anual en la primera mitad de julio, cifra inferior al 3.61 por ciento proyectado por analistas y la m\u00e1s baja desde enero de este a\u00f1o, impulsada principalmente por la moderaci\u00f3n en el \u00edndice no subyacente. &nbsp; [&hellip;]<\/p>\n","protected":false},"author":2,"featured_media":225362,"comment_status":"closed","ping_status":"closed","sticky":false,"template":"","format":"standard","meta":{"footnotes":""},"categories":[12870,178],"tags":[12865,12869],"class_list":["post-225361","post","type-post","status-publish","format-standard","has-post-thumbnail","hentry","category-destacadas","category-local","tag-destacadas","tag-local"],"jetpack_featured_media_url":"https:\/\/rnoticias.com.mx\/Portal\/wp-content\/uploads\/2025\/07\/empresario.IMMC_-650x375-1.jpg","amp_enabled":true,"_links":{"self":[{"href":"https:\/\/rnoticias.com.mx\/Portal\/wp-json\/wp\/v2\/posts\/225361","targetHints":{"allow":["GET"]}}],"collection":[{"href":"https:\/\/rnoticias.com.mx\/Portal\/wp-json\/wp\/v2\/posts"}],"about":[{"href":"https:\/\/rnoticias.com.mx\/Portal\/wp-json\/wp\/v2\/types\/post"}],"author":[{"embeddable":true,"href":"https:\/\/rnoticias.com.mx\/Portal\/wp-json\/wp\/v2\/users\/2"}],"replies":[{"embeddable":true,"href":"https:\/\/rnoticias.com.mx\/Portal\/wp-json\/wp\/v2\/comments?post=225361"}],"version-history":[{"count":1,"href":"https:\/\/rnoticias.com.mx\/Portal\/wp-json\/wp\/v2\/posts\/225361\/revisions"}],"predecessor-version":[{"id":225363,"href":"https:\/\/rnoticias.com.mx\/Portal\/wp-json\/wp\/v2\/posts\/225361\/revisions\/225363"}],"wp:featuredmedia":[{"embeddable":true,"href":"https:\/\/rnoticias.com.mx\/Portal\/wp-json\/wp\/v2\/media\/225362"}],"wp:attachment":[{"href":"https:\/\/rnoticias.com.mx\/Portal\/wp-json\/wp\/v2\/media?parent=225361"}],"wp:term":[{"taxonomy":"category","embeddable":true,"href":"https:\/\/rnoticias.com.mx\/Portal\/wp-json\/wp\/v2\/categories?post=225361"},{"taxonomy":"post_tag","embeddable":true,"href":"https:\/\/rnoticias.com.mx\/Portal\/wp-json\/wp\/v2\/tags?post=225361"}],"curies":[{"name":"wp","href":"https:\/\/api.w.org\/{rel}","templated":true}]}}