{"id":225355,"date":"2025-07-29T16:08:01","date_gmt":"2025-07-29T23:08:01","guid":{"rendered":"https:\/\/rnoticias.com.mx\/Portal\/?p=225355"},"modified":"2025-07-29T16:08:01","modified_gmt":"2025-07-29T23:08:01","slug":"renuncia-titular-de-la-comision-nacional-de-busqueda","status":"publish","type":"post","link":"https:\/\/rnoticias.com.mx\/Portal\/2025\/07\/29\/renuncia-titular-de-la-comision-nacional-de-busqueda\/","title":{"rendered":"Renuncia titular de la Comisi\u00f3n Nacional de B\u00fasqueda"},"content":{"rendered":"<p>La\u00a0<strong>Secretar\u00eda de Gobernaci\u00f3n<\/strong>\u00a0inform\u00f3 este martes que Teresa Guadalupe Reyes renunci\u00f3 como titular de la\u00a0<strong>Comisi\u00f3n Nacional de B\u00fasqueda<\/strong>\u00a0(CNB).<\/p>\n<p>En un comunicado, las autoridades indicaron que la salida de Guadalupe Reyes se har\u00e1 efectiva el pr\u00f3ximo 31 de agosto, por lo que la pr\u00f3xima semana se anunciar\u00e1n las bases para realizar una\u00a0<strong>consulta p\u00fablica<\/strong>\u00a0para la designaci\u00f3n del pr\u00f3ximo titular.<\/p>\n<p>\u201cLa Secretar\u00eda de Gobernaci\u00f3n publicar\u00e1 las bases para la consulta p\u00fablica que permitir\u00e1 designar a la persona titular de la Comisi\u00f3n Nacional de B\u00fasqueda. La decisi\u00f3n ocurre tras la renuncia de la actual comisionada nacional, Teresa Guadalupe Reyes Sahag\u00fan, quien concluir\u00e1 su encargo el\u00a0<strong>31 de agosto<\/strong>\u00a0de 2025\u201d, afirm\u00f3 la Secretar\u00eda de Gobernaci\u00f3n.<\/p>\n<p>De acuerdo a lo establecido en los art\u00edculos 51 y 52 de la Ley General en Materia de\u00a0<strong>Desaparici\u00f3n Forzada\u00a0<\/strong>de Personas, Desaparici\u00f3n Cometida por Particulares y del Sistema Nacional de\u00a0<strong>B\u00fasqueda de Personas<\/strong>, la consulta estar\u00e1 dirigida a colectivos de v\u00edctimas, personas expertas y organizaciones de la sociedad civil especializadas en desaparici\u00f3n forzada y b\u00fasqueda de personas.<\/p>\n<p>&nbsp;<\/p>\n<p>&nbsp;<\/p>\n<p>Fuente: Milenio<\/p>\n","protected":false},"excerpt":{"rendered":"<p>La\u00a0Secretar\u00eda de Gobernaci\u00f3n\u00a0inform\u00f3 este martes que Teresa Guadalupe Reyes renunci\u00f3 como titular de la\u00a0Comisi\u00f3n Nacional de B\u00fasqueda\u00a0(CNB). En un comunicado, las autoridades indicaron que la salida de Guadalupe Reyes se har\u00e1 efectiva el pr\u00f3ximo 31 de agosto, por lo que la pr\u00f3xima semana se anunciar\u00e1n las bases para realizar una\u00a0consulta p\u00fablica\u00a0para la designaci\u00f3n del pr\u00f3ximo [&hellip;]<\/p>\n","protected":false},"author":2,"featured_media":225356,"comment_status":"closed","ping_status":"closed","sticky":false,"template":"","format":"standard","meta":{"footnotes":""},"categories":[12870,172],"tags":[12865,12874],"class_list":["post-225355","post","type-post","status-publish","format-standard","has-post-thumbnail","hentry","category-destacadas","category-nacional","tag-destacadas","tag-nacional"],"jetpack_featured_media_url":"https:\/\/rnoticias.com.mx\/Portal\/wp-content\/uploads\/2025\/07\/eaee466552c95c7d61e23d5f6951ff7c.jpg","amp_enabled":true,"_links":{"self":[{"href":"https:\/\/rnoticias.com.mx\/Portal\/wp-json\/wp\/v2\/posts\/225355","targetHints":{"allow":["GET"]}}],"collection":[{"href":"https:\/\/rnoticias.com.mx\/Portal\/wp-json\/wp\/v2\/posts"}],"about":[{"href":"https:\/\/rnoticias.com.mx\/Portal\/wp-json\/wp\/v2\/types\/post"}],"author":[{"embeddable":true,"href":"https:\/\/rnoticias.com.mx\/Portal\/wp-json\/wp\/v2\/users\/2"}],"replies":[{"embeddable":true,"href":"https:\/\/rnoticias.com.mx\/Portal\/wp-json\/wp\/v2\/comments?post=225355"}],"version-history":[{"count":1,"href":"https:\/\/rnoticias.com.mx\/Portal\/wp-json\/wp\/v2\/posts\/225355\/revisions"}],"predecessor-version":[{"id":225357,"href":"https:\/\/rnoticias.com.mx\/Portal\/wp-json\/wp\/v2\/posts\/225355\/revisions\/225357"}],"wp:featuredmedia":[{"embeddable":true,"href":"https:\/\/rnoticias.com.mx\/Portal\/wp-json\/wp\/v2\/media\/225356"}],"wp:attachment":[{"href":"https:\/\/rnoticias.com.mx\/Portal\/wp-json\/wp\/v2\/media?parent=225355"}],"wp:term":[{"taxonomy":"category","embeddable":true,"href":"https:\/\/rnoticias.com.mx\/Portal\/wp-json\/wp\/v2\/categories?post=225355"},{"taxonomy":"post_tag","embeddable":true,"href":"https:\/\/rnoticias.com.mx\/Portal\/wp-json\/wp\/v2\/tags?post=225355"}],"curies":[{"name":"wp","href":"https:\/\/api.w.org\/{rel}","templated":true}]}}