{"id":225352,"date":"2025-07-29T16:07:13","date_gmt":"2025-07-29T23:07:13","guid":{"rendered":"https:\/\/rnoticias.com.mx\/Portal\/?p=225352"},"modified":"2025-07-29T16:07:13","modified_gmt":"2025-07-29T23:07:13","slug":"fiscalia-de-campeche-solicita-desafuero-de-alito-moreno","status":"publish","type":"post","link":"https:\/\/rnoticias.com.mx\/Portal\/2025\/07\/29\/fiscalia-de-campeche-solicita-desafuero-de-alito-moreno\/","title":{"rendered":"Fiscal\u00eda de Campeche solicita desafuero de &#8216;Alito&#8217; Moreno"},"content":{"rendered":"<p>La\u00a0<strong>Fiscal\u00eda Anticorrupci\u00f3n de Campeche<\/strong>\u00a0solicit\u00f3 el\u00a0<strong>desafuero<\/strong>\u00a0de\u00a0<strong>Alejandro\u00a0<\/strong>&#8216;<strong>Alito<\/strong>&#8216;\u00a0<strong>Moreno<\/strong>\u00a0como senador; la solicitud fue presentada ante la Secretar\u00eda General de la\u00a0<strong>C\u00e1mara de Diputados<\/strong>\u00a0del Congreso de la Uni\u00f3n.<\/p>\n<p>&#8216;<strong>Alito<\/strong>&#8216;\u00a0<strong>Moreno<\/strong>\u00a0es se\u00f1alado de\u00a0<strong>uso indebido de atribuciones<\/strong>\u00a0y\u00a0<strong>peculado<\/strong>\u00a0durante su gesti\u00f3n como\u00a0<strong>gobernador<\/strong>\u00a0de\u00a0<strong>Campeche<\/strong>, entre 2015 y 2019.<\/p>\n<p>Investigaciones apuntan a que cometi\u00f3 un desv\u00edo de 83.5 millones de pesos mediante cuatro casos ya judicializados en igual n\u00famero de carpetas de investigaci\u00f3n.<\/p>\n<p>La\u00a0<strong>solicitud de desafuero<\/strong>\u00a0de \u2018&#8217;<strong>Alito<\/strong>&#8216;\u00a0<strong>Moreno<\/strong>\u00a0no es nueva, pues\u00a0en 2022\u00a0la Fiscal\u00eda General del Estado (FGE) de Campeche present\u00f3 una petici\u00f3n por\u00a0<strong>enriquecimiento il\u00edcito<\/strong>.<\/p>\n<p>Acus\u00f3 que como gobernador, Moreno C\u00e1rdenas ganaba entre 80 y 90 mil pesos mensuales, con lo cual era imposible que comprara y adornara una mansi\u00f3n a su nombre en una de las zonas m\u00e1s acaudaladas en la capital del estado, adem\u00e1s de tener otros bienes inmuebles en diversos estados.<\/p>\n<p>En ese entonces se revel\u00f3 tambi\u00e9n que el pri\u00edsta era objeto de otra investigaci\u00f3n por\u00a0<strong>operaciones con recursos de procedencia il\u00edcita<\/strong>.<\/p>\n<p>&nbsp;<\/p>\n<p>Fuente: L\u00f3pezDoriga<\/p>\n","protected":false},"excerpt":{"rendered":"<p>La\u00a0Fiscal\u00eda Anticorrupci\u00f3n de Campeche\u00a0solicit\u00f3 el\u00a0desafuero\u00a0de\u00a0Alejandro\u00a0&#8216;Alito&#8216;\u00a0Moreno\u00a0como senador; la solicitud fue presentada ante la Secretar\u00eda General de la\u00a0C\u00e1mara de Diputados\u00a0del Congreso de la Uni\u00f3n. &#8216;Alito&#8216;\u00a0Moreno\u00a0es se\u00f1alado de\u00a0uso indebido de atribuciones\u00a0y\u00a0peculado\u00a0durante su gesti\u00f3n como\u00a0gobernador\u00a0de\u00a0Campeche, entre 2015 y 2019. Investigaciones apuntan a que cometi\u00f3 un desv\u00edo de 83.5 millones de pesos mediante cuatro casos ya judicializados en igual n\u00famero [&hellip;]<\/p>\n","protected":false},"author":2,"featured_media":225353,"comment_status":"closed","ping_status":"closed","sticky":false,"template":"","format":"standard","meta":{"footnotes":""},"categories":[12870,12868],"tags":[12865,12879],"class_list":["post-225352","post","type-post","status-publish","format-standard","has-post-thumbnail","hentry","category-destacadas","category-politica","tag-destacadas","tag-politica"],"jetpack_featured_media_url":"https:\/\/rnoticias.com.mx\/Portal\/wp-content\/uploads\/2025\/07\/cateo-alejandro-moreno-2.webp","amp_enabled":true,"_links":{"self":[{"href":"https:\/\/rnoticias.com.mx\/Portal\/wp-json\/wp\/v2\/posts\/225352","targetHints":{"allow":["GET"]}}],"collection":[{"href":"https:\/\/rnoticias.com.mx\/Portal\/wp-json\/wp\/v2\/posts"}],"about":[{"href":"https:\/\/rnoticias.com.mx\/Portal\/wp-json\/wp\/v2\/types\/post"}],"author":[{"embeddable":true,"href":"https:\/\/rnoticias.com.mx\/Portal\/wp-json\/wp\/v2\/users\/2"}],"replies":[{"embeddable":true,"href":"https:\/\/rnoticias.com.mx\/Portal\/wp-json\/wp\/v2\/comments?post=225352"}],"version-history":[{"count":1,"href":"https:\/\/rnoticias.com.mx\/Portal\/wp-json\/wp\/v2\/posts\/225352\/revisions"}],"predecessor-version":[{"id":225354,"href":"https:\/\/rnoticias.com.mx\/Portal\/wp-json\/wp\/v2\/posts\/225352\/revisions\/225354"}],"wp:featuredmedia":[{"embeddable":true,"href":"https:\/\/rnoticias.com.mx\/Portal\/wp-json\/wp\/v2\/media\/225353"}],"wp:attachment":[{"href":"https:\/\/rnoticias.com.mx\/Portal\/wp-json\/wp\/v2\/media?parent=225352"}],"wp:term":[{"taxonomy":"category","embeddable":true,"href":"https:\/\/rnoticias.com.mx\/Portal\/wp-json\/wp\/v2\/categories?post=225352"},{"taxonomy":"post_tag","embeddable":true,"href":"https:\/\/rnoticias.com.mx\/Portal\/wp-json\/wp\/v2\/tags?post=225352"}],"curies":[{"name":"wp","href":"https:\/\/api.w.org\/{rel}","templated":true}]}}