{"id":225346,"date":"2025-07-29T16:05:08","date_gmt":"2025-07-29T23:05:08","guid":{"rendered":"https:\/\/rnoticias.com.mx\/Portal\/?p=225346"},"modified":"2025-07-29T16:05:08","modified_gmt":"2025-07-29T23:05:08","slug":"ee-uu-repartira-608-mdd-para-construir-centros-de-detencion-de-migrantes","status":"publish","type":"post","link":"https:\/\/rnoticias.com.mx\/Portal\/2025\/07\/29\/ee-uu-repartira-608-mdd-para-construir-centros-de-detencion-de-migrantes\/","title":{"rendered":"EE.UU. repartir\u00e1 608 mdd para construir centros de detenci\u00f3n de migrantes"},"content":{"rendered":"<p>La\u00a0<strong>Agencia Federal de Manejo de Desastres<\/strong>\u00a0(FEMA, en ingl\u00e9s) de Estados Unidos distribuir\u00e1 608 millones de d\u00f3lares en ayudas a los gobiernos estatales y locales para construir nuevos centros de detenci\u00f3n para migrantes o expandir la capacidad de aquellos ya erigidos.<\/p>\n<p>Este proyecto, denominado\u00a0<strong>&#8216;Programa de subvenciones de apoyo a la detenci\u00f3n del a\u00f1o fiscal 2025&#8217;,\u00a0<\/strong>proporcionar\u00e1 &#8220;asistencia financiera (&#8230;) para albergar a extranjeros en un centro de detenci\u00f3n hasta su traslado al Servicio de Inmigraci\u00f3n y Control de Aduanas de EE.UU. (ICE, en ingl\u00e9s)&#8221;, se lee en una web del Gobierno estadounidense.<\/p>\n<p><strong>&#8220;Esto aliviar\u00e1 la sobrepoblaci\u00f3n en los centros de detenci\u00f3n a corto plazo&#8221;,<\/strong>\u00a0a\u00f1ade, asegurando que la medida impulsar\u00e1 la pol\u00edtica migratoria seguida por el Departamento de Seguridad Nacional.<\/p>\n<p>El proyecto, que est\u00e1 abierto a nuevas solicitudes hasta el 8 de agosto, se produce en pleno repunte de las redadas migratorias y las deportaciones a lo largo de toda la geograf\u00eda estadounidense, tras la llegada del presidente estadounidense, Donald Trump, a la Casa Blanca el pasado enero.<\/p>\n<p>Sin embargo,\u00a0<strong>algunos estados ya se adelantaron a esta ayuda federal e inauguraron sus propios centros de detenci\u00f3n para migrantes.<\/strong><\/p>\n<p>Es el caso de Florida, que inaugur\u00f3 el pasado 1 de julio un centro de detenci\u00f3n para migrantes, conocido como &#8216;Alligator Alcatraz&#8217; (Alcatraz Caim\u00e1n), y anunci\u00f3 su intenci\u00f3n de construir otro cuando el original alcance su m\u00e1xima capacidad, de 3.000 reclusos.<\/p>\n<p>El propio Trump asisti\u00f3 a la inauguraci\u00f3n de ese centro, situado al oeste de Miami, e inst\u00f3 al resto de estados a seguir el ejemplo de Florida y erigir m\u00e1s centros de detenci\u00f3n para migrantes.<\/p>\n<p>Pero a la par que aumentan los arrestos y las\u00a0<strong>deportaciones, tambi\u00e9n se suceden las denuncias de activistas y organizaciones que lamentan las condiciones inhumanas bajo las que viven los migrantes en dichos centros, a menudo en condiciones de hacinamiento.<\/strong><\/p>\n<p>En el caso de &#8216;Alligator Alcatraz&#8217;, pol\u00edticos dem\u00f3cratas que visitaron el lugar describieron como &#8220;jaulas&#8221; el lugar en el que duermen los migrantes, y advirtieron del mal estado del sistema de ba\u00f1o, as\u00ed como de la ausencia de un m\u00e9todo que controle la temperatura, en un momento de mucho calor y humedad en Florida.<\/p>\n<p>Esta ayuda de la FEMA se produce en un momento de grandes recortes en la Administraci\u00f3n estadounidense, ligados a la llegada del presidente Trump.<\/p>\n<p>Esta agencia gubernamental\u00a0<strong>ha sido recientemente v\u00edctima de fuertes cr\u00edticas por su gesti\u00f3n de las inundaciones en el estado de Texas a inicios de julio, un suceso en el que murieron al menos 133 personas y que seg\u00fan organizaciones recibi\u00f3 una lenta respuesta por parte de la FEMA. \u00a0<\/strong><\/p>\n<p>&nbsp;<\/p>\n<p>Fuente: EFE<\/p>\n","protected":false},"excerpt":{"rendered":"<p>La\u00a0Agencia Federal de Manejo de Desastres\u00a0(FEMA, en ingl\u00e9s) de Estados Unidos distribuir\u00e1 608 millones de d\u00f3lares en ayudas a los gobiernos estatales y locales para construir nuevos centros de detenci\u00f3n para migrantes o expandir la capacidad de aquellos ya erigidos. Este proyecto, denominado\u00a0&#8216;Programa de subvenciones de apoyo a la detenci\u00f3n del a\u00f1o fiscal 2025&#8217;,\u00a0proporcionar\u00e1 &#8220;asistencia [&hellip;]<\/p>\n","protected":false},"author":2,"featured_media":225347,"comment_status":"closed","ping_status":"closed","sticky":false,"template":"","format":"standard","meta":{"footnotes":""},"categories":[12870,182],"tags":[12865,12871],"class_list":["post-225346","post","type-post","status-publish","format-standard","has-post-thumbnail","hentry","category-destacadas","category-internacional","tag-destacadas","tag-internacional"],"jetpack_featured_media_url":"https:\/\/rnoticias.com.mx\/Portal\/wp-content\/uploads\/2025\/07\/Cancelan-oficina-Trump.webp","amp_enabled":true,"_links":{"self":[{"href":"https:\/\/rnoticias.com.mx\/Portal\/wp-json\/wp\/v2\/posts\/225346","targetHints":{"allow":["GET"]}}],"collection":[{"href":"https:\/\/rnoticias.com.mx\/Portal\/wp-json\/wp\/v2\/posts"}],"about":[{"href":"https:\/\/rnoticias.com.mx\/Portal\/wp-json\/wp\/v2\/types\/post"}],"author":[{"embeddable":true,"href":"https:\/\/rnoticias.com.mx\/Portal\/wp-json\/wp\/v2\/users\/2"}],"replies":[{"embeddable":true,"href":"https:\/\/rnoticias.com.mx\/Portal\/wp-json\/wp\/v2\/comments?post=225346"}],"version-history":[{"count":1,"href":"https:\/\/rnoticias.com.mx\/Portal\/wp-json\/wp\/v2\/posts\/225346\/revisions"}],"predecessor-version":[{"id":225348,"href":"https:\/\/rnoticias.com.mx\/Portal\/wp-json\/wp\/v2\/posts\/225346\/revisions\/225348"}],"wp:featuredmedia":[{"embeddable":true,"href":"https:\/\/rnoticias.com.mx\/Portal\/wp-json\/wp\/v2\/media\/225347"}],"wp:attachment":[{"href":"https:\/\/rnoticias.com.mx\/Portal\/wp-json\/wp\/v2\/media?parent=225346"}],"wp:term":[{"taxonomy":"category","embeddable":true,"href":"https:\/\/rnoticias.com.mx\/Portal\/wp-json\/wp\/v2\/categories?post=225346"},{"taxonomy":"post_tag","embeddable":true,"href":"https:\/\/rnoticias.com.mx\/Portal\/wp-json\/wp\/v2\/tags?post=225346"}],"curies":[{"name":"wp","href":"https:\/\/api.w.org\/{rel}","templated":true}]}}