{"id":225288,"date":"2025-07-29T11:18:46","date_gmt":"2025-07-29T18:18:46","guid":{"rendered":"https:\/\/rnoticias.com.mx\/Portal\/?p=225288"},"modified":"2025-07-29T11:18:46","modified_gmt":"2025-07-29T18:18:46","slug":"gobernador-durazo-y-presidenta-sheinbaum-fortalecen-sistema-de-salud-para-sonora-con-mas-de-750-millones-de-pesos","status":"publish","type":"post","link":"https:\/\/rnoticias.com.mx\/Portal\/2025\/07\/29\/gobernador-durazo-y-presidenta-sheinbaum-fortalecen-sistema-de-salud-para-sonora-con-mas-de-750-millones-de-pesos\/","title":{"rendered":"Gobernador Durazo y Presidenta Sheinbaum fortalecen sistema de salud para Sonora, con m\u00e1s de 750 millones de pesos"},"content":{"rendered":"<p align=\"left\">Hermosillo, Sonora; julio de 2025.- El gobernador Alfonso Durazo Monta\u00f1o y la presidenta Claudia Sheinbaum Pardo anunciaron una inversi\u00f3n superior a los 750 millones de pesos para fortalecer el sistema de salud en Sonora, que contempla el equipamiento y rehabilitaci\u00f3n de hospitales en la entidad.<\/p>\n<p align=\"left\">\n<p align=\"left\">Estos recursos permitir\u00e1n optimizar las condiciones de 28 hospitales y 53 quir\u00f3fanos, adem\u00e1s de impulsar proyectos como la ampliaci\u00f3n del Hospital Comunitario de Ures, un Centro Oncol\u00f3gico y una Unidad de Quemados Infantiles en Hermosillo, el nuevo Hospital de Salud Mental Cruz del Norte y un nuevo Centro de Salud con servicios ampliados, cirug\u00edas y especialistas en Miguel Alem\u00e1n.<\/p>\n<p align=\"left\">\n<p align=\"left\">\u201cSi algo garantiza el humanismo mexicano es el objetivo de brindar bienestar a nuestra gente, y en ese objetivo del bienestar, un pilar fundamental es la salud\u201d, expres\u00f3 el gobernador Durazo.<\/p>\n<p align=\"left\">\n<p align=\"left\">A\u00f1adi\u00f3 que, de la mano de la presidenta Claudia Sheinbaum, se consolida el segundo piso de la Cuarta Transformaci\u00f3n, con el compromiso de ofrecer servicios de salud dignos y gratuitos, mediante el mejoramiento de la infraestructura hospitalaria y de los centros de salud en todo el estado.<\/p>\n","protected":false},"excerpt":{"rendered":"<p>Hermosillo, Sonora; julio de 2025.- El gobernador Alfonso Durazo Monta\u00f1o y la presidenta Claudia Sheinbaum Pardo anunciaron una inversi\u00f3n superior a los 750 millones de pesos para fortalecer el sistema de salud en Sonora, que contempla el equipamiento y rehabilitaci\u00f3n de hospitales en la entidad. Estos recursos permitir\u00e1n optimizar las condiciones de 28 hospitales y [&hellip;]<\/p>\n","protected":false},"author":2,"featured_media":225289,"comment_status":"closed","ping_status":"closed","sticky":false,"template":"","format":"standard","meta":{"footnotes":""},"categories":[12870,178],"tags":[12865,12869],"class_list":["post-225288","post","type-post","status-publish","format-standard","has-post-thumbnail","hentry","category-destacadas","category-local","tag-destacadas","tag-local"],"jetpack_featured_media_url":"https:\/\/rnoticias.com.mx\/Portal\/wp-content\/uploads\/2025\/07\/332.jpg","amp_enabled":true,"_links":{"self":[{"href":"https:\/\/rnoticias.com.mx\/Portal\/wp-json\/wp\/v2\/posts\/225288","targetHints":{"allow":["GET"]}}],"collection":[{"href":"https:\/\/rnoticias.com.mx\/Portal\/wp-json\/wp\/v2\/posts"}],"about":[{"href":"https:\/\/rnoticias.com.mx\/Portal\/wp-json\/wp\/v2\/types\/post"}],"author":[{"embeddable":true,"href":"https:\/\/rnoticias.com.mx\/Portal\/wp-json\/wp\/v2\/users\/2"}],"replies":[{"embeddable":true,"href":"https:\/\/rnoticias.com.mx\/Portal\/wp-json\/wp\/v2\/comments?post=225288"}],"version-history":[{"count":1,"href":"https:\/\/rnoticias.com.mx\/Portal\/wp-json\/wp\/v2\/posts\/225288\/revisions"}],"predecessor-version":[{"id":225290,"href":"https:\/\/rnoticias.com.mx\/Portal\/wp-json\/wp\/v2\/posts\/225288\/revisions\/225290"}],"wp:featuredmedia":[{"embeddable":true,"href":"https:\/\/rnoticias.com.mx\/Portal\/wp-json\/wp\/v2\/media\/225289"}],"wp:attachment":[{"href":"https:\/\/rnoticias.com.mx\/Portal\/wp-json\/wp\/v2\/media?parent=225288"}],"wp:term":[{"taxonomy":"category","embeddable":true,"href":"https:\/\/rnoticias.com.mx\/Portal\/wp-json\/wp\/v2\/categories?post=225288"},{"taxonomy":"post_tag","embeddable":true,"href":"https:\/\/rnoticias.com.mx\/Portal\/wp-json\/wp\/v2\/tags?post=225288"}],"curies":[{"name":"wp","href":"https:\/\/api.w.org\/{rel}","templated":true}]}}