{"id":225282,"date":"2025-07-29T11:16:19","date_gmt":"2025-07-29T18:16:19","guid":{"rendered":"https:\/\/rnoticias.com.mx\/Portal\/?p=225282"},"modified":"2025-07-29T11:16:19","modified_gmt":"2025-07-29T18:16:19","slug":"realiza-gobierno-de-sonora-diagnosticos-de-salud-en-comunidades-del-valle-del-mayo-utetchojoa","status":"publish","type":"post","link":"https:\/\/rnoticias.com.mx\/Portal\/2025\/07\/29\/realiza-gobierno-de-sonora-diagnosticos-de-salud-en-comunidades-del-valle-del-mayo-utetchojoa\/","title":{"rendered":"Realiza Gobierno de Sonora diagn\u00f3sticos de salud en comunidades del Valle del Mayo: UTEtchojoa"},"content":{"rendered":"<p align=\"left\">Etchojoa, Sonora; 29 de julio de 2025.- Como parte de las actividades pr\u00e1cticas de la materia de Enfermer\u00eda Comunitaria, estudiantes de la Licenciatura en Enfermer\u00eda de la Universidad Tecnol\u00f3gica de Etchojoa (UTE) realizaron jornadas diagn\u00f3sticas en distintas zonas del municipio, con el prop\u00f3sito de detectar problem\u00e1ticas de salud, prevenir enfermedades y contribuir al bienestar de comunidades en situaci\u00f3n de vulnerabilidad.<\/p>\n<p align=\"left\">Durante estas acciones, las y los estudiantes pusieron en pr\u00e1ctica sus conocimientos para identificar necesidades espec\u00edficas en materia de salud, brindando orientaci\u00f3n e intervenciones preventivas en sectores con acceso limitado a servicios m\u00e9dicos.<\/p>\n<p align=\"left\">El rector de la UTE, Jos\u00e9 F\u00e9lix G\u00f3mez Anduro, reconoci\u00f3 el compromiso del alumnado y la labor del personal docente a cargo. \u201cEstas acciones reflejan el verdadero esp\u00edritu de nuestra universidad: formar profesionistas con alto sentido humano, comprometidos con el bienestar de su comunidad\u201d, expres\u00f3.<\/p>\n<p align=\"left\">Estas jornadas fortalecen la formaci\u00f3n acad\u00e9mica y profesional del estudiantado, al tiempo que reafirman el papel social de la Universidad Tecnol\u00f3gica de Etchojoa como una instituci\u00f3n al servicio del desarrollo regional.<\/p>\n","protected":false},"excerpt":{"rendered":"<p>Etchojoa, Sonora; 29 de julio de 2025.- Como parte de las actividades pr\u00e1cticas de la materia de Enfermer\u00eda Comunitaria, estudiantes de la Licenciatura en Enfermer\u00eda de la Universidad Tecnol\u00f3gica de Etchojoa (UTE) realizaron jornadas diagn\u00f3sticas en distintas zonas del municipio, con el prop\u00f3sito de detectar problem\u00e1ticas de salud, prevenir enfermedades y contribuir al bienestar de [&hellip;]<\/p>\n","protected":false},"author":2,"featured_media":225283,"comment_status":"closed","ping_status":"closed","sticky":false,"template":"","format":"standard","meta":{"footnotes":""},"categories":[174],"tags":[12873],"class_list":["post-225282","post","type-post","status-publish","format-standard","has-post-thumbnail","hentry","category-estatal","tag-estatal"],"jetpack_featured_media_url":"https:\/\/rnoticias.com.mx\/Portal\/wp-content\/uploads\/2025\/07\/unnamed-4-3.jpg","amp_enabled":true,"_links":{"self":[{"href":"https:\/\/rnoticias.com.mx\/Portal\/wp-json\/wp\/v2\/posts\/225282","targetHints":{"allow":["GET"]}}],"collection":[{"href":"https:\/\/rnoticias.com.mx\/Portal\/wp-json\/wp\/v2\/posts"}],"about":[{"href":"https:\/\/rnoticias.com.mx\/Portal\/wp-json\/wp\/v2\/types\/post"}],"author":[{"embeddable":true,"href":"https:\/\/rnoticias.com.mx\/Portal\/wp-json\/wp\/v2\/users\/2"}],"replies":[{"embeddable":true,"href":"https:\/\/rnoticias.com.mx\/Portal\/wp-json\/wp\/v2\/comments?post=225282"}],"version-history":[{"count":1,"href":"https:\/\/rnoticias.com.mx\/Portal\/wp-json\/wp\/v2\/posts\/225282\/revisions"}],"predecessor-version":[{"id":225284,"href":"https:\/\/rnoticias.com.mx\/Portal\/wp-json\/wp\/v2\/posts\/225282\/revisions\/225284"}],"wp:featuredmedia":[{"embeddable":true,"href":"https:\/\/rnoticias.com.mx\/Portal\/wp-json\/wp\/v2\/media\/225283"}],"wp:attachment":[{"href":"https:\/\/rnoticias.com.mx\/Portal\/wp-json\/wp\/v2\/media?parent=225282"}],"wp:term":[{"taxonomy":"category","embeddable":true,"href":"https:\/\/rnoticias.com.mx\/Portal\/wp-json\/wp\/v2\/categories?post=225282"},{"taxonomy":"post_tag","embeddable":true,"href":"https:\/\/rnoticias.com.mx\/Portal\/wp-json\/wp\/v2\/tags?post=225282"}],"curies":[{"name":"wp","href":"https:\/\/api.w.org\/{rel}","templated":true}]}}