{"id":225270,"date":"2025-07-29T09:56:01","date_gmt":"2025-07-29T16:56:01","guid":{"rendered":"https:\/\/rnoticias.com.mx\/Portal\/?p=225270"},"modified":"2025-07-29T09:56:01","modified_gmt":"2025-07-29T16:56:01","slug":"fallece-alejandra-locomotora-oliveras-excampeona-mundial-e-influente-argentina","status":"publish","type":"post","link":"https:\/\/rnoticias.com.mx\/Portal\/2025\/07\/29\/fallece-alejandra-locomotora-oliveras-excampeona-mundial-e-influente-argentina\/","title":{"rendered":"Fallece Alejandra &#8216;Locomotora&#8217; Oliveras, excampeona mundial e influente argentina"},"content":{"rendered":"<p>La excampeona mundial de boxeo e influente argentina\u00a0<strong>Alejandra &#8216;Locomotora&#8217; Oliveras<\/strong>\u00a0falleci\u00f3 este lunes en la ciudad de Santa Fe como consecuencia de un accidente cerebro vascular (ACV) isqu\u00e9mico sufrido el pasado 14 de julio, tras el cual permanec\u00eda ingresada en un hospital local de alta complejidad.<\/p>\n<p>El fallecimiento de<strong>\u00a0Oliveras fue anunciado por personal m\u00e9dico del hospital Cullen,<\/strong>\u00a0al que ingres\u00f3 tras el ACV y donde falleci\u00f3 este lunes sobre las 16.00 horas (19.00 GMT).<\/p>\n<p>En las \u00faltimas horas, la deportista hab\u00eda mostrado una mejora, tras permanecer estable durante el fin de semana.<\/p>\n<p>Tras el accidente cerebro vascular, la exboxeadora hab\u00eda sido sometida a una intervenci\u00f3n quir\u00fargica conocida como craneotom\u00eda, y m\u00e9dicos de la cl\u00ednica alertaron luego que la paciente padec\u00eda patolog\u00edas en la arteria car\u00f3tida y era hipertensa, pese a lo cual no sol\u00eda practicarse controles.<\/p>\n<p><strong>&#8216;Locomotora&#8217;\u00a0<\/strong>Oliveras naci\u00f3 el 20 de marzo de 1978 en El Carmen, localidad de la provincia argentina de Jujuy, y registr\u00f3 con una exitosa carrera como boxeadora profesional entre 2005 y 2019, periodo en el que obtuvo seis t\u00edtulo mundiales en diversas categor\u00edas.<\/p>\n<p>Seg\u00fan relat\u00f3 en entrevistas con medios locales, la autodenominada &#8220;Rocky mujer, pero de verdad&#8221; comenz\u00f3 de joven a entrenar este deporte como un modo de protegerse de un contexto de violencia intrafamiliar y pobreza.<\/p>\n<p>En 2006 conquist\u00f3 el campeonato mundial supergallo del Consejo Mundial de Boxeo (CMB), t\u00edtulo que defendi\u00f3 en dos oportunidades antes de perderlo en 2008 en un famoso combate en el estadio<strong>\u00a0Luna Park de Buenos Aires contra Marcela &#8216;Tigresa&#8217; Acu\u00f1a, otra importante figura del boxeo argentino.<\/strong><\/p>\n<p>Oliveras particip\u00f3 de reality shows de la televisi\u00f3n argentina y su popularidad creci\u00f3 hasta transformarse en una influyente en redes sociales, al punto de que su cuenta de Instagram tiene hoy casi un mill\u00f3n y medio de seguidores.<\/p>\n<p><strong>Sus intervenciones y apariciones medi\u00e1ticas sol\u00edan tener un mensaje de positividad y humor, algunas veces a costa de ella misma, pero con una espontaneidad que no pasaba desapercibida.<\/strong><\/p>\n<p>En 2021 lleg\u00f3 el salto de<strong>\u00a0&#8216;Locomotora&#8217; a la pol\u00edtica, con una postulaci\u00f3n infructuosa a diputada nacional por la provincia de Santa Fe.<\/strong><\/p>\n<p>A partir de la llegada al Gobierno de Javier Milei, fue designada funcionaria del Ministerio de Seguridad de la Naci\u00f3n, a las \u00f3rdenes de Patricia Bullrich, en la Direcci\u00f3n Nacional de Seguridad en Eventos Deportivos.<\/p>\n<p>Bullrich despidi\u00f3 este lunes en sus redes sociales a la exboxeadora:\u00a0<strong>&#8220;Locomotora, te vamos a recordar siempre con esa sonrisa y esa energ\u00eda que te caracterizaban. Hasta siempre, campeona&#8221;<\/strong>, escribi\u00f3.<\/p>\n<p>En abril de este a\u00f1o, las elecciones locales en Santa Fe la consagraron como integrante de la Convenci\u00f3n Constituyente que reformar\u00e1 la Constituci\u00f3n provincial, donde encabez\u00f3 un bloque minoritario de derecha, pero tras el diagn\u00f3stico y la internaci\u00f3n no pudo asumir su esca\u00f1o constituyente.<\/p>\n<p>&nbsp;<\/p>\n<p>Fuente: EFE<\/p>\n","protected":false},"excerpt":{"rendered":"<p>La excampeona mundial de boxeo e influente argentina\u00a0Alejandra &#8216;Locomotora&#8217; Oliveras\u00a0falleci\u00f3 este lunes en la ciudad de Santa Fe como consecuencia de un accidente cerebro vascular (ACV) isqu\u00e9mico sufrido el pasado 14 de julio, tras el cual permanec\u00eda ingresada en un hospital local de alta complejidad. El fallecimiento de\u00a0Oliveras fue anunciado por personal m\u00e9dico del hospital [&hellip;]<\/p>\n","protected":false},"author":2,"featured_media":225271,"comment_status":"closed","ping_status":"closed","sticky":false,"template":"","format":"standard","meta":{"footnotes":""},"categories":[188,12870],"tags":[5231,12865],"class_list":["post-225270","post","type-post","status-publish","format-standard","has-post-thumbnail","hentry","category-deportes","category-destacadas","tag-deportes","tag-destacadas"],"jetpack_featured_media_url":"https:\/\/rnoticias.com.mx\/Portal\/wp-content\/uploads\/2025\/07\/Fallece-Alejandra-Locomotora-Oliveras-ex-campeona-mundial-de-boxeo-1024x576-1.jpeg","amp_enabled":true,"_links":{"self":[{"href":"https:\/\/rnoticias.com.mx\/Portal\/wp-json\/wp\/v2\/posts\/225270","targetHints":{"allow":["GET"]}}],"collection":[{"href":"https:\/\/rnoticias.com.mx\/Portal\/wp-json\/wp\/v2\/posts"}],"about":[{"href":"https:\/\/rnoticias.com.mx\/Portal\/wp-json\/wp\/v2\/types\/post"}],"author":[{"embeddable":true,"href":"https:\/\/rnoticias.com.mx\/Portal\/wp-json\/wp\/v2\/users\/2"}],"replies":[{"embeddable":true,"href":"https:\/\/rnoticias.com.mx\/Portal\/wp-json\/wp\/v2\/comments?post=225270"}],"version-history":[{"count":1,"href":"https:\/\/rnoticias.com.mx\/Portal\/wp-json\/wp\/v2\/posts\/225270\/revisions"}],"predecessor-version":[{"id":225272,"href":"https:\/\/rnoticias.com.mx\/Portal\/wp-json\/wp\/v2\/posts\/225270\/revisions\/225272"}],"wp:featuredmedia":[{"embeddable":true,"href":"https:\/\/rnoticias.com.mx\/Portal\/wp-json\/wp\/v2\/media\/225271"}],"wp:attachment":[{"href":"https:\/\/rnoticias.com.mx\/Portal\/wp-json\/wp\/v2\/media?parent=225270"}],"wp:term":[{"taxonomy":"category","embeddable":true,"href":"https:\/\/rnoticias.com.mx\/Portal\/wp-json\/wp\/v2\/categories?post=225270"},{"taxonomy":"post_tag","embeddable":true,"href":"https:\/\/rnoticias.com.mx\/Portal\/wp-json\/wp\/v2\/tags?post=225270"}],"curies":[{"name":"wp","href":"https:\/\/api.w.org\/{rel}","templated":true}]}}