{"id":225259,"date":"2025-07-28T23:08:48","date_gmt":"2025-07-29T06:08:48","guid":{"rendered":"https:\/\/rnoticias.com.mx\/Portal\/?p=225259"},"modified":"2025-07-28T23:08:48","modified_gmt":"2025-07-29T06:08:48","slug":"exhiben-piezas-arqueologicas-recuperadas-en-el-museo-regional-de-sonora","status":"publish","type":"post","link":"https:\/\/rnoticias.com.mx\/Portal\/2025\/07\/28\/exhiben-piezas-arqueologicas-recuperadas-en-el-museo-regional-de-sonora\/","title":{"rendered":"Exhiben piezas arqueol\u00f3gicas recuperadas en el Museo Regional de Sonora"},"content":{"rendered":"<p>Hermosillo, Sonora. El Museo Regional de Sonora alberga la exposici\u00f3n temporal \u201cDe vuelta a casa\u201d, conformada por 96 piezas arqueol\u00f3gicas rescatadas del tr\u00e1fico il\u00edcito de bienes culturales.<\/p>\n<p>&nbsp;<\/p>\n<p>Martha Olivia Sol\u00eds, directora del Museo, coment\u00f3 que esa muestra permanecer\u00e1 abierta al p\u00fablico hasta el 3 de agosto y la entrada ser\u00e1 gratuita de mi\u00e9rcoles a domingo.<\/p>\n<p>&nbsp;<\/p>\n<p>\u201cLas piezas provienen de distintas regiones del pa\u00eds, como Sonora, Sinaloa, Oaxaca y el altiplano central. Por ello la importancia de generar conciencia sobre la protecci\u00f3n del patrimonio arqueol\u00f3gico nacional\u201d, enfatiz\u00f3.<\/p>\n<p>&nbsp;<\/p>\n<p>Detall\u00f3, que, desde hace 50 a\u00f1os, el INAH ha recuperado m\u00e1s de 2 mil 500 objetos patrimoniales, muchos de ellos interceptados en la frontera con Estados Unidos.<\/p>\n<p>&nbsp;<\/p>\n<p>Igualmente dijo, que adem\u00e1s, el museo ofrece visitas guiadas para escuelas y grupos familiares mayores a diez personas, con previa reservaci\u00f3n.<\/p>\n<p>&nbsp;<\/p>\n","protected":false},"excerpt":{"rendered":"<p>Hermosillo, Sonora. El Museo Regional de Sonora alberga la exposici\u00f3n temporal \u201cDe vuelta a casa\u201d, conformada por 96 piezas arqueol\u00f3gicas rescatadas del tr\u00e1fico il\u00edcito de bienes culturales. &nbsp; Martha Olivia Sol\u00eds, directora del Museo, coment\u00f3 que esa muestra permanecer\u00e1 abierta al p\u00fablico hasta el 3 de agosto y la entrada ser\u00e1 gratuita de mi\u00e9rcoles a [&hellip;]<\/p>\n","protected":false},"author":2,"featured_media":225260,"comment_status":"closed","ping_status":"closed","sticky":false,"template":"","format":"standard","meta":{"footnotes":""},"categories":[12870,178],"tags":[12865,12869],"class_list":["post-225259","post","type-post","status-publish","format-standard","has-post-thumbnail","hentry","category-destacadas","category-local","tag-destacadas","tag-local"],"jetpack_featured_media_url":"https:\/\/rnoticias.com.mx\/Portal\/wp-content\/uploads\/2025\/07\/image_1920_17533048802136.webp","amp_enabled":true,"_links":{"self":[{"href":"https:\/\/rnoticias.com.mx\/Portal\/wp-json\/wp\/v2\/posts\/225259","targetHints":{"allow":["GET"]}}],"collection":[{"href":"https:\/\/rnoticias.com.mx\/Portal\/wp-json\/wp\/v2\/posts"}],"about":[{"href":"https:\/\/rnoticias.com.mx\/Portal\/wp-json\/wp\/v2\/types\/post"}],"author":[{"embeddable":true,"href":"https:\/\/rnoticias.com.mx\/Portal\/wp-json\/wp\/v2\/users\/2"}],"replies":[{"embeddable":true,"href":"https:\/\/rnoticias.com.mx\/Portal\/wp-json\/wp\/v2\/comments?post=225259"}],"version-history":[{"count":1,"href":"https:\/\/rnoticias.com.mx\/Portal\/wp-json\/wp\/v2\/posts\/225259\/revisions"}],"predecessor-version":[{"id":225261,"href":"https:\/\/rnoticias.com.mx\/Portal\/wp-json\/wp\/v2\/posts\/225259\/revisions\/225261"}],"wp:featuredmedia":[{"embeddable":true,"href":"https:\/\/rnoticias.com.mx\/Portal\/wp-json\/wp\/v2\/media\/225260"}],"wp:attachment":[{"href":"https:\/\/rnoticias.com.mx\/Portal\/wp-json\/wp\/v2\/media?parent=225259"}],"wp:term":[{"taxonomy":"category","embeddable":true,"href":"https:\/\/rnoticias.com.mx\/Portal\/wp-json\/wp\/v2\/categories?post=225259"},{"taxonomy":"post_tag","embeddable":true,"href":"https:\/\/rnoticias.com.mx\/Portal\/wp-json\/wp\/v2\/tags?post=225259"}],"curies":[{"name":"wp","href":"https:\/\/api.w.org\/{rel}","templated":true}]}}