{"id":225256,"date":"2025-07-28T23:07:31","date_gmt":"2025-07-29T06:07:31","guid":{"rendered":"https:\/\/rnoticias.com.mx\/Portal\/?p=225256"},"modified":"2025-07-28T23:07:31","modified_gmt":"2025-07-29T06:07:31","slug":"preve-conagua-descenso-de-temperaturas-y-aumento-de-lluvias-en-sonora","status":"publish","type":"post","link":"https:\/\/rnoticias.com.mx\/Portal\/2025\/07\/28\/preve-conagua-descenso-de-temperaturas-y-aumento-de-lluvias-en-sonora\/","title":{"rendered":"Prev\u00e9 Conagua descenso de temperaturas y aumento de lluvias en Sonora"},"content":{"rendered":"<p>Hermosillo, Sonora. La Comisi\u00f3n Nacional del Agua, informa que debido a un sistema de alta presi\u00f3n que predomina en la entidad, generar\u00e1 una disminuci\u00f3n gradual en las temperaturas y un aumento en la presencia de lluvias.<\/p>\n<p>&nbsp;<\/p>\n<p>Gilberto Lagarda V\u00e1zquez, especialista t\u00e9cnico de la Conagua Sonora, coment\u00f3 que estas condiciones se har\u00e1n presentes al menos entre este lunes hasta el mi\u00e9rcoles en la mitad del territorio estatal.<\/p>\n<p>&nbsp;<\/p>\n<p>\u201cEl cambio en las condiciones atmosf\u00e9ricas permitir\u00e1 que dejemos atr\u00e1s temperaturas de hasta 45 grados y registremos m\u00e1ximas m\u00e1s cercanas a los 40 grados cent\u00edgrados. Adem\u00e1s, se espera un incremento en las precipitaciones, tanto en su cobertura territorial como en su intensidad\u201d, indic\u00f3.<\/p>\n<p>&nbsp;<\/p>\n<p>Lagarda V\u00e1zquez, a\u00f1adi\u00f3, que las lluvias podr\u00edan extenderse a m\u00e1s regiones del estado como Nogales, Hermosillo, Cajeme, toda la parte sur y serrana, as\u00ed como marcar un inicio de semana m\u00e1s h\u00famedo en comparaci\u00f3n con la anterior.<\/p>\n","protected":false},"excerpt":{"rendered":"<p>Hermosillo, Sonora. La Comisi\u00f3n Nacional del Agua, informa que debido a un sistema de alta presi\u00f3n que predomina en la entidad, generar\u00e1 una disminuci\u00f3n gradual en las temperaturas y un aumento en la presencia de lluvias. &nbsp; Gilberto Lagarda V\u00e1zquez, especialista t\u00e9cnico de la Conagua Sonora, coment\u00f3 que estas condiciones se har\u00e1n presentes al menos [&hellip;]<\/p>\n","protected":false},"author":2,"featured_media":225257,"comment_status":"closed","ping_status":"closed","sticky":false,"template":"","format":"standard","meta":{"footnotes":""},"categories":[12870,178],"tags":[12865,12869],"class_list":["post-225256","post","type-post","status-publish","format-standard","has-post-thumbnail","hentry","category-destacadas","category-local","tag-destacadas","tag-local"],"jetpack_featured_media_url":"https:\/\/rnoticias.com.mx\/Portal\/wp-content\/uploads\/2025\/07\/66daafcf0dc94a57.jpg.jpg","amp_enabled":true,"_links":{"self":[{"href":"https:\/\/rnoticias.com.mx\/Portal\/wp-json\/wp\/v2\/posts\/225256","targetHints":{"allow":["GET"]}}],"collection":[{"href":"https:\/\/rnoticias.com.mx\/Portal\/wp-json\/wp\/v2\/posts"}],"about":[{"href":"https:\/\/rnoticias.com.mx\/Portal\/wp-json\/wp\/v2\/types\/post"}],"author":[{"embeddable":true,"href":"https:\/\/rnoticias.com.mx\/Portal\/wp-json\/wp\/v2\/users\/2"}],"replies":[{"embeddable":true,"href":"https:\/\/rnoticias.com.mx\/Portal\/wp-json\/wp\/v2\/comments?post=225256"}],"version-history":[{"count":1,"href":"https:\/\/rnoticias.com.mx\/Portal\/wp-json\/wp\/v2\/posts\/225256\/revisions"}],"predecessor-version":[{"id":225258,"href":"https:\/\/rnoticias.com.mx\/Portal\/wp-json\/wp\/v2\/posts\/225256\/revisions\/225258"}],"wp:featuredmedia":[{"embeddable":true,"href":"https:\/\/rnoticias.com.mx\/Portal\/wp-json\/wp\/v2\/media\/225257"}],"wp:attachment":[{"href":"https:\/\/rnoticias.com.mx\/Portal\/wp-json\/wp\/v2\/media?parent=225256"}],"wp:term":[{"taxonomy":"category","embeddable":true,"href":"https:\/\/rnoticias.com.mx\/Portal\/wp-json\/wp\/v2\/categories?post=225256"},{"taxonomy":"post_tag","embeddable":true,"href":"https:\/\/rnoticias.com.mx\/Portal\/wp-json\/wp\/v2\/tags?post=225256"}],"curies":[{"name":"wp","href":"https:\/\/api.w.org\/{rel}","templated":true}]}}