{"id":225246,"date":"2025-07-28T17:55:57","date_gmt":"2025-07-29T00:55:57","guid":{"rendered":"https:\/\/rnoticias.com.mx\/Portal\/?p=225246"},"modified":"2025-07-28T17:55:57","modified_gmt":"2025-07-29T00:55:57","slug":"gobierno-de-sonora-llama-a-tomar-medidas-preventivas-ante-pronostico-de-intensas-lluvias","status":"publish","type":"post","link":"https:\/\/rnoticias.com.mx\/Portal\/2025\/07\/28\/gobierno-de-sonora-llama-a-tomar-medidas-preventivas-ante-pronostico-de-intensas-lluvias\/","title":{"rendered":"Gobierno de Sonora llama a tomar medidas preventivas ante pron\u00f3stico de intensas lluvias"},"content":{"rendered":"<p align=\"left\">Hermosillo, Sonora; 28 de julio de 2025.- El Gobierno de Sonora, a trav\u00e9s de la Coordinaci\u00f3n Estatal de Protecci\u00f3n Civil (CEPC), inform\u00f3 que, con base en el an\u00e1lisis de informaci\u00f3n meteorol\u00f3gica general y datos del Servicio Meteorol\u00f3gico Nacional, as\u00ed como de diversas fuentes oficiales de los Estados Unidos, se emite el pron\u00f3stico de lluvias fuertes con puntuales muy fuertes (5 a 75 mil\u00edmetros) para este lunes en las regiones sur y oriente del estado, debido a la influencia del monz\u00f3n mexicano.<\/p>\n<p align=\"left\">\n<p align=\"left\">Asimismo, se prev\u00e9 que el pr\u00f3ximo mi\u00e9rcoles una circulaci\u00f3n cicl\u00f3nica se aproxime al noroeste del pa\u00eds, lo que reforzar\u00e1 la probabilidad de lluvias puntuales intensas en el sur de Sonora.<\/p>\n<p align=\"left\">\n<p align=\"left\">Entre las ciudades con mayor probabilidad de lluvia se encuentran Navojoa con 70 por ciento, Ciudad Obreg\u00f3n y Agua Prieta con 60 por ciento cada una, y Guaymas con 40 por ciento.<\/p>\n<p align=\"left\">\n<p align=\"left\">La CEPC exhorta a la poblaci\u00f3n a tomar precauciones ante posibles crecidas de r\u00edos y arroyos, especialmente en la zona sur del estado, donde se ha registrado un incremento en los niveles de cuerpos de agua.<\/p>\n<p align=\"left\">\n<p align=\"left\">Las principales recomendaciones son:<\/p>\n<p align=\"left\">\n<p align=\"left\">&#8211; No cruzar r\u00edos, arroyos o calles inundadas, aunque aparenten poca profundidad.<\/p>\n<p align=\"left\">&#8211; Evitar conducir en zonas monta\u00f1osas durante lluvias intensas, ya que pueden presentarse deslaves o ca\u00eddas de rocas.<\/p>\n<p align=\"left\">&#8211; No exponerse a corrientes de agua si no se conoce la zona o no se sabe nadar.<\/p>\n<p align=\"left\">&#8211; Evitar conducir durante precipitaciones intensas o en calles anegadas.<\/p>\n<p align=\"left\">&#8211; Alejarse de postes, \u00e1rboles, cables el\u00e9ctricos y estructuras met\u00e1licas durante tormentas.<\/p>\n<p align=\"left\">\n<p align=\"left\">El Gobierno de Sonora reitera su compromiso con la seguridad de la poblaci\u00f3n e invita a seguir los canales oficiales de Protecci\u00f3n Civil para mantenerse informados.<\/p>\n","protected":false},"excerpt":{"rendered":"<p>Hermosillo, Sonora; 28 de julio de 2025.- El Gobierno de Sonora, a trav\u00e9s de la Coordinaci\u00f3n Estatal de Protecci\u00f3n Civil (CEPC), inform\u00f3 que, con base en el an\u00e1lisis de informaci\u00f3n meteorol\u00f3gica general y datos del Servicio Meteorol\u00f3gico Nacional, as\u00ed como de diversas fuentes oficiales de los Estados Unidos, se emite el pron\u00f3stico de lluvias fuertes [&hellip;]<\/p>\n","protected":false},"author":2,"featured_media":225247,"comment_status":"closed","ping_status":"closed","sticky":false,"template":"","format":"standard","meta":{"footnotes":""},"categories":[12870,178],"tags":[12865,12869],"class_list":["post-225246","post","type-post","status-publish","format-standard","has-post-thumbnail","hentry","category-destacadas","category-local","tag-destacadas","tag-local"],"jetpack_featured_media_url":"https:\/\/rnoticias.com.mx\/Portal\/wp-content\/uploads\/2025\/07\/unnamed-3-8.jpg","amp_enabled":true,"_links":{"self":[{"href":"https:\/\/rnoticias.com.mx\/Portal\/wp-json\/wp\/v2\/posts\/225246","targetHints":{"allow":["GET"]}}],"collection":[{"href":"https:\/\/rnoticias.com.mx\/Portal\/wp-json\/wp\/v2\/posts"}],"about":[{"href":"https:\/\/rnoticias.com.mx\/Portal\/wp-json\/wp\/v2\/types\/post"}],"author":[{"embeddable":true,"href":"https:\/\/rnoticias.com.mx\/Portal\/wp-json\/wp\/v2\/users\/2"}],"replies":[{"embeddable":true,"href":"https:\/\/rnoticias.com.mx\/Portal\/wp-json\/wp\/v2\/comments?post=225246"}],"version-history":[{"count":1,"href":"https:\/\/rnoticias.com.mx\/Portal\/wp-json\/wp\/v2\/posts\/225246\/revisions"}],"predecessor-version":[{"id":225248,"href":"https:\/\/rnoticias.com.mx\/Portal\/wp-json\/wp\/v2\/posts\/225246\/revisions\/225248"}],"wp:featuredmedia":[{"embeddable":true,"href":"https:\/\/rnoticias.com.mx\/Portal\/wp-json\/wp\/v2\/media\/225247"}],"wp:attachment":[{"href":"https:\/\/rnoticias.com.mx\/Portal\/wp-json\/wp\/v2\/media?parent=225246"}],"wp:term":[{"taxonomy":"category","embeddable":true,"href":"https:\/\/rnoticias.com.mx\/Portal\/wp-json\/wp\/v2\/categories?post=225246"},{"taxonomy":"post_tag","embeddable":true,"href":"https:\/\/rnoticias.com.mx\/Portal\/wp-json\/wp\/v2\/tags?post=225246"}],"curies":[{"name":"wp","href":"https:\/\/api.w.org\/{rel}","templated":true}]}}