{"id":225240,"date":"2025-07-28T17:54:35","date_gmt":"2025-07-29T00:54:35","guid":{"rendered":"https:\/\/rnoticias.com.mx\/Portal\/?p=225240"},"modified":"2025-07-28T17:54:35","modified_gmt":"2025-07-29T00:54:35","slug":"gobierno-de-sonora-fortalece-arte-y-comunidad-en-bosque-urbano-la-sauceda","status":"publish","type":"post","link":"https:\/\/rnoticias.com.mx\/Portal\/2025\/07\/28\/gobierno-de-sonora-fortalece-arte-y-comunidad-en-bosque-urbano-la-sauceda\/","title":{"rendered":"Gobierno de Sonora fortalece arte y comunidad en Bosque Urbano La Sauceda"},"content":{"rendered":"<p align=\"left\">Hermosillo, Sonora; 28 de julio de 2025.- El Gobierno de Sonora, a trav\u00e9s del Bosque Urbano La Sauceda, llev\u00f3 a cabo este fin de semana una serie de actividades enfocadas en el cuidado del medio ambiente, la cultura y la convivencia comunitaria, reafirmando as\u00ed su compromiso con el bienestar colectivo y la revitalizaci\u00f3n de los espacios p\u00fablicos.<\/p>\n<p align=\"left\">\n<p align=\"left\">Las actividades iniciaron el viernes 25 de julio con la charla \u201cEconversando con Mujeres entre Aves\u201d, un espacio de di\u00e1logo en torno a la importancia de proteger el humedal de La Sauceda y las aves que lo habitan.<\/p>\n<p align=\"left\">\n<p align=\"left\">El s\u00e1bado 26 de julio se llevaron a cabo jornadas de limpieza, seguidas por una pajareada en colaboraci\u00f3n con el grupo Mujeres entre Aves. M\u00e1s tarde, se realizaron de forma simult\u00e1nea los talleres de cer\u00e1mica sonorense y percusiones, que brindaron espacios de expresi\u00f3n art\u00edstica y aprendizaje colectivo. Ese mismo d\u00eda tambi\u00e9n se llev\u00f3 a cabo el taller infantil \u201cPintando y aprendiendo: Sonora en la prehistoria\u201d, donde ni\u00f1as y ni\u00f1os conocieron la biodiversidad prehist\u00f3rica de la regi\u00f3n y recrearon seres extintos mediante t\u00e9cnicas art\u00edsticas con materiales reciclados. Al atardecer, una sesi\u00f3n de yoga ofreci\u00f3 a las y los asistentes un momento de reconexi\u00f3n con la naturaleza desde la calma del cuerpo y la respiraci\u00f3n.<\/p>\n<p align=\"left\">\n<p align=\"left\">El domingo 27 de julio continuaron las jornadas de limpieza y concluyeron las actividades con un vibrante Domingo Chill, dedicado a la m\u00fasica urbana alternativa, con la participaci\u00f3n de artistas locales como Flaco del Barrio, RyP y Don Rifle, quienes animaron al p\u00fablico con ritmos de rap, fusi\u00f3n y hip hop en el escenario al aire libre.<\/p>\n<p align=\"left\">\n<p align=\"left\">Estas actividades forman parte del esfuerzo continuo del Gobierno de Sonora por consolidar al Bosque Urbano La Sauceda como un espacio vivo, incluyente y sostenible, donde convergen el arte, la educaci\u00f3n ambiental y la participaci\u00f3n ciudadana.<\/p>\n","protected":false},"excerpt":{"rendered":"<p>Hermosillo, Sonora; 28 de julio de 2025.- El Gobierno de Sonora, a trav\u00e9s del Bosque Urbano La Sauceda, llev\u00f3 a cabo este fin de semana una serie de actividades enfocadas en el cuidado del medio ambiente, la cultura y la convivencia comunitaria, reafirmando as\u00ed su compromiso con el bienestar colectivo y la revitalizaci\u00f3n de los [&hellip;]<\/p>\n","protected":false},"author":2,"featured_media":225241,"comment_status":"closed","ping_status":"closed","sticky":false,"template":"","format":"standard","meta":{"footnotes":""},"categories":[12870,178],"tags":[12865,12869],"class_list":["post-225240","post","type-post","status-publish","format-standard","has-post-thumbnail","hentry","category-destacadas","category-local","tag-destacadas","tag-local"],"jetpack_featured_media_url":"https:\/\/rnoticias.com.mx\/Portal\/wp-content\/uploads\/2025\/07\/unnamed-82.jpg","amp_enabled":true,"_links":{"self":[{"href":"https:\/\/rnoticias.com.mx\/Portal\/wp-json\/wp\/v2\/posts\/225240","targetHints":{"allow":["GET"]}}],"collection":[{"href":"https:\/\/rnoticias.com.mx\/Portal\/wp-json\/wp\/v2\/posts"}],"about":[{"href":"https:\/\/rnoticias.com.mx\/Portal\/wp-json\/wp\/v2\/types\/post"}],"author":[{"embeddable":true,"href":"https:\/\/rnoticias.com.mx\/Portal\/wp-json\/wp\/v2\/users\/2"}],"replies":[{"embeddable":true,"href":"https:\/\/rnoticias.com.mx\/Portal\/wp-json\/wp\/v2\/comments?post=225240"}],"version-history":[{"count":1,"href":"https:\/\/rnoticias.com.mx\/Portal\/wp-json\/wp\/v2\/posts\/225240\/revisions"}],"predecessor-version":[{"id":225242,"href":"https:\/\/rnoticias.com.mx\/Portal\/wp-json\/wp\/v2\/posts\/225240\/revisions\/225242"}],"wp:featuredmedia":[{"embeddable":true,"href":"https:\/\/rnoticias.com.mx\/Portal\/wp-json\/wp\/v2\/media\/225241"}],"wp:attachment":[{"href":"https:\/\/rnoticias.com.mx\/Portal\/wp-json\/wp\/v2\/media?parent=225240"}],"wp:term":[{"taxonomy":"category","embeddable":true,"href":"https:\/\/rnoticias.com.mx\/Portal\/wp-json\/wp\/v2\/categories?post=225240"},{"taxonomy":"post_tag","embeddable":true,"href":"https:\/\/rnoticias.com.mx\/Portal\/wp-json\/wp\/v2\/tags?post=225240"}],"curies":[{"name":"wp","href":"https:\/\/api.w.org\/{rel}","templated":true}]}}