{"id":225234,"date":"2025-07-28T17:42:39","date_gmt":"2025-07-29T00:42:39","guid":{"rendered":"https:\/\/rnoticias.com.mx\/Portal\/?p=225234"},"modified":"2025-07-28T17:42:39","modified_gmt":"2025-07-29T00:42:39","slug":"por-inicio-de-obras-cerraran-el-carril-poniente-de-quiroga-y-cardenas-a-partir-de-este-lunes-28","status":"publish","type":"post","link":"https:\/\/rnoticias.com.mx\/Portal\/2025\/07\/28\/por-inicio-de-obras-cerraran-el-carril-poniente-de-quiroga-y-cardenas-a-partir-de-este-lunes-28\/","title":{"rendered":"Por inicio de obras cerrar\u00e1n el carril poniente de Quiroga y C\u00e1rdenas a partir de este lunes 28"},"content":{"rendered":"<p><b data-olk-copy-source=\"MessageBody\">Hermosillo, Sonora; 28 de julio de 2025.- <\/b>Debido al inicio de los trabajos de pavimentaci\u00f3n con concreto hidr\u00e1ulico del cruce de los bulevares Quiroga y L\u00e1zaro C\u00e1rdenas, se cerrar\u00e1 el carril poniente a partir del lunes 28 de julio.<\/p>\n<p aria-hidden=\"true\">\n<p>Astart\u00e9 Corro Ruiz, Directora General de Desarrollo de Infraestructura (DGDI), explic\u00f3 que, por el tiempo que dure la obra en esa parte de dicho cuerpo del bulevar, se mantendr\u00e1n habilitados dos carriles de norte a sur, donde contar\u00e1n con apoyo de elementos de Tr\u00e1nsito Municipal.<\/p>\n<p aria-hidden=\"true\">\n<p>Precis\u00f3 que este es uno de los seis cruceros de un primer paquete que realiza la administraci\u00f3n del presidente municipal Antonio Astiazar\u00e1n Guti\u00e9rrez, en la que se invertir\u00e1n 57 millones 885 mil 443 pesos.<\/p>\n<p aria-hidden=\"true\">\n<p>Tambi\u00e9n se incluyen los cruceros de Olivares y Navarrete; Villa Hermosa y Real del Arco; Perimetral Norte e Israel Gonz\u00e1lez; Perif\u00e9rico Sur e Ixtlaz\u00edhuatl; as\u00ed como Juan Bautista Escalante y Reforma.<\/p>\n<p aria-hidden=\"true\">\n<p>En todos se rehabilitar\u00e1 la infraestructura hidr\u00e1ulica y sanitaria, tendr\u00e1n subrasante de 30 cent\u00edmetros, una base de 15 cent\u00edmetros, losa de concreto hidr\u00e1ulico de 15 cent\u00edmetros y se les colocar\u00e1 se\u00f1alizaci\u00f3n horizontal.<\/p>\n<p aria-hidden=\"true\">\n<p>Invit\u00f3 a automovilistas a tomar sus debidas precauciones y salir con tiempo a sus lugares de destino para evitar contratiempos.<\/p>\n<p aria-hidden=\"true\">\n<p>En las redes sociales oficiales de Gobierno de Hermosillo y la Direcci\u00f3n General de Desarrollo de Infraestructura estar\u00e1n informando sobre avances y cambios de las obras.<\/p>\n","protected":false},"excerpt":{"rendered":"<p>Hermosillo, Sonora; 28 de julio de 2025.- Debido al inicio de los trabajos de pavimentaci\u00f3n con concreto hidr\u00e1ulico del cruce de los bulevares Quiroga y L\u00e1zaro C\u00e1rdenas, se cerrar\u00e1 el carril poniente a partir del lunes 28 de julio. Astart\u00e9 Corro Ruiz, Directora General de Desarrollo de Infraestructura (DGDI), explic\u00f3 que, por el tiempo que [&hellip;]<\/p>\n","protected":false},"author":2,"featured_media":225235,"comment_status":"closed","ping_status":"closed","sticky":false,"template":"","format":"standard","meta":{"footnotes":""},"categories":[12870,178],"tags":[12865,12869],"class_list":["post-225234","post","type-post","status-publish","format-standard","has-post-thumbnail","hentry","category-destacadas","category-local","tag-destacadas","tag-local"],"jetpack_featured_media_url":"https:\/\/rnoticias.com.mx\/Portal\/wp-content\/uploads\/2025\/07\/IMG-20250727-WA0049.jpg","amp_enabled":true,"_links":{"self":[{"href":"https:\/\/rnoticias.com.mx\/Portal\/wp-json\/wp\/v2\/posts\/225234","targetHints":{"allow":["GET"]}}],"collection":[{"href":"https:\/\/rnoticias.com.mx\/Portal\/wp-json\/wp\/v2\/posts"}],"about":[{"href":"https:\/\/rnoticias.com.mx\/Portal\/wp-json\/wp\/v2\/types\/post"}],"author":[{"embeddable":true,"href":"https:\/\/rnoticias.com.mx\/Portal\/wp-json\/wp\/v2\/users\/2"}],"replies":[{"embeddable":true,"href":"https:\/\/rnoticias.com.mx\/Portal\/wp-json\/wp\/v2\/comments?post=225234"}],"version-history":[{"count":1,"href":"https:\/\/rnoticias.com.mx\/Portal\/wp-json\/wp\/v2\/posts\/225234\/revisions"}],"predecessor-version":[{"id":225236,"href":"https:\/\/rnoticias.com.mx\/Portal\/wp-json\/wp\/v2\/posts\/225234\/revisions\/225236"}],"wp:featuredmedia":[{"embeddable":true,"href":"https:\/\/rnoticias.com.mx\/Portal\/wp-json\/wp\/v2\/media\/225235"}],"wp:attachment":[{"href":"https:\/\/rnoticias.com.mx\/Portal\/wp-json\/wp\/v2\/media?parent=225234"}],"wp:term":[{"taxonomy":"category","embeddable":true,"href":"https:\/\/rnoticias.com.mx\/Portal\/wp-json\/wp\/v2\/categories?post=225234"},{"taxonomy":"post_tag","embeddable":true,"href":"https:\/\/rnoticias.com.mx\/Portal\/wp-json\/wp\/v2\/tags?post=225234"}],"curies":[{"name":"wp","href":"https:\/\/api.w.org\/{rel}","templated":true}]}}