{"id":225231,"date":"2025-07-28T17:41:45","date_gmt":"2025-07-29T00:41:45","guid":{"rendered":"https:\/\/rnoticias.com.mx\/Portal\/?p=225231"},"modified":"2025-07-28T17:41:45","modified_gmt":"2025-07-29T00:41:45","slug":"presentan-funcion-de-teatro-de-la-bici-al-escenario-del-programa-biciclando","status":"publish","type":"post","link":"https:\/\/rnoticias.com.mx\/Portal\/2025\/07\/28\/presentan-funcion-de-teatro-de-la-bici-al-escenario-del-programa-biciclando\/","title":{"rendered":"Presentan funci\u00f3n de teatro &#8220;De la Bici al Escenario&#8221; del programa Biciclando"},"content":{"rendered":"<p><b data-olk-copy-source=\"MessageBody\">Hermosillo, Sonora; 28 de julio de 2025.-<\/b>\u00a0Para promover el programa de reciclaje y de empleo para mujeres, Biciclando, se llev\u00f3 a cabo una funci\u00f3n de teatro llamada &#8220;De la Bici al Escenario&#8221;, en el Centro de Econom\u00eda Circular (CEC) de la colonia Modelo.<\/p>\n<p aria-hidden=\"true\">\n<p>Alejandra M\u00e9ndez, parte del equipo de comunicaci\u00f3n y socializaci\u00f3n del programa, explic\u00f3 que esta actividad se realiz\u00f3 para que la sociedad conociera el espacio, que es el lugar donde se alberga el proyecto de Biciclando.<\/p>\n<p aria-hidden=\"true\">\n<p>\u201cEs un proyecto que re\u00fane mujeres, emplea a mujeres para la recolecci\u00f3n de residuos reciclables y hoy vamos a tener una funci\u00f3n de teatro en donde vamos a estar concientizando y hablando de nuevas formas de usar estos residuos en nuestra ciudad\u201d, coment\u00f3.<\/p>\n<p aria-hidden=\"true\">\n<p>Tambi\u00e9n, dijo, hablaron sobre la movilidad urbana y la equidad de g\u00e9nero, con el fin de que fueran a conocer el proyecto, se afiliaran y fueran parte de las bicicladoras.<\/p>\n<p aria-hidden=\"true\">\n<p>\u201cHacemos este tipo de eventos para estar en contacto con la comunidad y as\u00ed ayudar al programa, que se conozca y que m\u00e1s gente se afilie, y sea exitoso y beneficioso para mujeres, con esta iniciativa del Gobierno de Hermosillo\u201d, mencion\u00f3.<\/p>\n","protected":false},"excerpt":{"rendered":"<p>Hermosillo, Sonora; 28 de julio de 2025.-\u00a0Para promover el programa de reciclaje y de empleo para mujeres, Biciclando, se llev\u00f3 a cabo una funci\u00f3n de teatro llamada &#8220;De la Bici al Escenario&#8221;, en el Centro de Econom\u00eda Circular (CEC) de la colonia Modelo. Alejandra M\u00e9ndez, parte del equipo de comunicaci\u00f3n y socializaci\u00f3n del programa, explic\u00f3 [&hellip;]<\/p>\n","protected":false},"author":2,"featured_media":225232,"comment_status":"closed","ping_status":"closed","sticky":false,"template":"","format":"standard","meta":{"footnotes":""},"categories":[12870,178],"tags":[12865,12869],"class_list":["post-225231","post","type-post","status-publish","format-standard","has-post-thumbnail","hentry","category-destacadas","category-local","tag-destacadas","tag-local"],"jetpack_featured_media_url":"https:\/\/rnoticias.com.mx\/Portal\/wp-content\/uploads\/2025\/07\/Presentan-funcion-de-teatro-De-la-Bici-al-Escenario-del-programa-Biciclando1-scaled.jpg","amp_enabled":true,"_links":{"self":[{"href":"https:\/\/rnoticias.com.mx\/Portal\/wp-json\/wp\/v2\/posts\/225231","targetHints":{"allow":["GET"]}}],"collection":[{"href":"https:\/\/rnoticias.com.mx\/Portal\/wp-json\/wp\/v2\/posts"}],"about":[{"href":"https:\/\/rnoticias.com.mx\/Portal\/wp-json\/wp\/v2\/types\/post"}],"author":[{"embeddable":true,"href":"https:\/\/rnoticias.com.mx\/Portal\/wp-json\/wp\/v2\/users\/2"}],"replies":[{"embeddable":true,"href":"https:\/\/rnoticias.com.mx\/Portal\/wp-json\/wp\/v2\/comments?post=225231"}],"version-history":[{"count":1,"href":"https:\/\/rnoticias.com.mx\/Portal\/wp-json\/wp\/v2\/posts\/225231\/revisions"}],"predecessor-version":[{"id":225233,"href":"https:\/\/rnoticias.com.mx\/Portal\/wp-json\/wp\/v2\/posts\/225231\/revisions\/225233"}],"wp:featuredmedia":[{"embeddable":true,"href":"https:\/\/rnoticias.com.mx\/Portal\/wp-json\/wp\/v2\/media\/225232"}],"wp:attachment":[{"href":"https:\/\/rnoticias.com.mx\/Portal\/wp-json\/wp\/v2\/media?parent=225231"}],"wp:term":[{"taxonomy":"category","embeddable":true,"href":"https:\/\/rnoticias.com.mx\/Portal\/wp-json\/wp\/v2\/categories?post=225231"},{"taxonomy":"post_tag","embeddable":true,"href":"https:\/\/rnoticias.com.mx\/Portal\/wp-json\/wp\/v2\/tags?post=225231"}],"curies":[{"name":"wp","href":"https:\/\/api.w.org\/{rel}","templated":true}]}}