{"id":225216,"date":"2025-07-28T16:43:55","date_gmt":"2025-07-28T23:43:55","guid":{"rendered":"https:\/\/rnoticias.com.mx\/Portal\/?p=225216"},"modified":"2025-07-28T16:43:55","modified_gmt":"2025-07-28T23:43:55","slug":"venta-de-viviendas-usadas-en-mexico-aumento-20-en-2024","status":"publish","type":"post","link":"https:\/\/rnoticias.com.mx\/Portal\/2025\/07\/28\/venta-de-viviendas-usadas-en-mexico-aumento-20-en-2024\/","title":{"rendered":"Venta de viviendas usadas en M\u00e9xico aument\u00f3 20% en 2024"},"content":{"rendered":"<p>En M\u00e9xico, la\u00a0<strong>vivienda usada<\/strong>\u00a0registr\u00f3 un aumento en su comercializaci\u00f3n de casi 20% en 2024, esto ante la\u00a0<strong>escasa oferta<\/strong>\u00a0de vivienda en rangos menores a 4 millones de pesos, de acuerdo con un reporte de 4S Real Estate.<\/p>\n<p>La demanda total de\u00a0<strong>vivienda vertical y horizontal<\/strong>, nueva y existente, creci\u00f3 7% en el pa\u00eds en 2024, seg\u00fan datos del Gran Reporte de Verticalizaci\u00f3n 2025. No obstante, las ventas de departamentos registraron una baja de 1.6?%, debido principalmente a la escasez de oferta nueva que se ajuste a las necesidades de los compradores y a su capacidad de pago. Por ello, los compradores han optado por la vivienda usada y, en algunos casos, la\u00a0<strong>reventa<\/strong>\u00a0de un departamento casi nuevo, operaciones que crecieron 19.6% el a\u00f1o pasado.<\/p>\n<p>\u201cEl verdadero\u00a0<strong>problema<\/strong>\u00a0no es la falta de demanda, sino de producto alineado al\u00a0<strong>poder adquisitivo<\/strong>\u00a0real del comprador. Los desarrolladores han concentrado su oferta en segmentos altos, mientras los compradores buscan opciones de entre 1.8 y 4 millones de pesos. Esa brecha la resuelve el mercado de reventa, no la oferta nueva\u201d, dijo Ignacio Torres, CEO de 4S Real Estate.<\/p>\n<p>&nbsp;<\/p>\n<p>Fuente: El Universal<\/p>\n<p>&nbsp;<\/p>\n","protected":false},"excerpt":{"rendered":"<p>En M\u00e9xico, la\u00a0vivienda usada\u00a0registr\u00f3 un aumento en su comercializaci\u00f3n de casi 20% en 2024, esto ante la\u00a0escasa oferta\u00a0de vivienda en rangos menores a 4 millones de pesos, de acuerdo con un reporte de 4S Real Estate. La demanda total de\u00a0vivienda vertical y horizontal, nueva y existente, creci\u00f3 7% en el pa\u00eds en 2024, seg\u00fan datos [&hellip;]<\/p>\n","protected":false},"author":2,"featured_media":225217,"comment_status":"closed","ping_status":"closed","sticky":false,"template":"","format":"standard","meta":{"footnotes":""},"categories":[12870,172],"tags":[12865,12874],"class_list":["post-225216","post","type-post","status-publish","format-standard","has-post-thumbnail","hentry","category-destacadas","category-nacional","tag-destacadas","tag-nacional"],"jetpack_featured_media_url":"https:\/\/rnoticias.com.mx\/Portal\/wp-content\/uploads\/2025\/07\/descarga-5.webp","amp_enabled":true,"_links":{"self":[{"href":"https:\/\/rnoticias.com.mx\/Portal\/wp-json\/wp\/v2\/posts\/225216","targetHints":{"allow":["GET"]}}],"collection":[{"href":"https:\/\/rnoticias.com.mx\/Portal\/wp-json\/wp\/v2\/posts"}],"about":[{"href":"https:\/\/rnoticias.com.mx\/Portal\/wp-json\/wp\/v2\/types\/post"}],"author":[{"embeddable":true,"href":"https:\/\/rnoticias.com.mx\/Portal\/wp-json\/wp\/v2\/users\/2"}],"replies":[{"embeddable":true,"href":"https:\/\/rnoticias.com.mx\/Portal\/wp-json\/wp\/v2\/comments?post=225216"}],"version-history":[{"count":1,"href":"https:\/\/rnoticias.com.mx\/Portal\/wp-json\/wp\/v2\/posts\/225216\/revisions"}],"predecessor-version":[{"id":225218,"href":"https:\/\/rnoticias.com.mx\/Portal\/wp-json\/wp\/v2\/posts\/225216\/revisions\/225218"}],"wp:featuredmedia":[{"embeddable":true,"href":"https:\/\/rnoticias.com.mx\/Portal\/wp-json\/wp\/v2\/media\/225217"}],"wp:attachment":[{"href":"https:\/\/rnoticias.com.mx\/Portal\/wp-json\/wp\/v2\/media?parent=225216"}],"wp:term":[{"taxonomy":"category","embeddable":true,"href":"https:\/\/rnoticias.com.mx\/Portal\/wp-json\/wp\/v2\/categories?post=225216"},{"taxonomy":"post_tag","embeddable":true,"href":"https:\/\/rnoticias.com.mx\/Portal\/wp-json\/wp\/v2\/tags?post=225216"}],"curies":[{"name":"wp","href":"https:\/\/api.w.org\/{rel}","templated":true}]}}