{"id":225213,"date":"2025-07-28T16:42:36","date_gmt":"2025-07-28T23:42:36","guid":{"rendered":"https:\/\/rnoticias.com.mx\/Portal\/?p=225213"},"modified":"2025-07-28T16:42:36","modified_gmt":"2025-07-28T23:42:36","slug":"convocan-a-tortillerias-para-que-se-unan-a-un-plan-para-bajar-el-precio-de-tortilla","status":"publish","type":"post","link":"https:\/\/rnoticias.com.mx\/Portal\/2025\/07\/28\/convocan-a-tortillerias-para-que-se-unan-a-un-plan-para-bajar-el-precio-de-tortilla\/","title":{"rendered":"Convocan a tortiller\u00edas para que se unan a un plan para bajar el precio de tortilla"},"content":{"rendered":"<p>El<strong>\u00a0Gobierno de M\u00e9xico arranc\u00f3 este lunes la convocatoria para que tortiller\u00edas de todo el pa\u00eds se adhieran al \u2018Acuerdo Nacional Ma\u00edz-Tortilla\u2019<\/strong>\u00a0que tiene como meta lograr una reducci\u00f3n de al menos 5 % en el precio de la tortilla, de manera gradual, durante los pr\u00f3ximos seis meses.<\/p>\n<p>Esta convocatoria es consecuencia del acuerdo firmado en junio pasado entre la presidenta mexicana,<strong>\u00a0Claudia Sheinbaum, y la iniciativa privada, con el cual se busca que no suba el precio de la tortilla y se disminuyan los intermediarios.<\/strong><\/p>\n<p>En un comunicado conjunto con las secretar\u00edas de Agricultura y Desarrollo Rural, Econom\u00eda, Trabajo y dependencias como Alimentaci\u00f3n para el Bienestar y la Procuradur\u00eda Federal del Consumidor (Profeco), el Gobierno mexicano explic\u00f3 que las tortiller\u00edas que se adhieran al Acuerdo podr\u00e1n tener acceso hasta 25.000 toneladas de ma\u00edz blanco a un precio preferencial de 6.000 pesos (320 d\u00f3lares).<\/p>\n<p>Aunado a ello, contar\u00e1n con descuentos especiales en la compra de harina de ma\u00edz nixtamalizado por parte de harineras adheridas, adem\u00e1s de acercamiento a la red de intermediarios financieros, con los que opera Fideicomisos Instituidos en Relaci\u00f3n con la Agricultura (FIRA).<\/p>\n<p><strong>Esto con el fin de que dichos intermediarios puedan conocer y, en su caso, atender las necesidades de financiamiento.<\/strong><\/p>\n<p>Tambi\u00e9n podr\u00e1n acceder al Programa J\u00f3venes Construyendo el Futuro como centro de trabajo para capacitar a j\u00f3venes interesados en conocer el funcionamiento de las tortiller\u00edas, adem\u00e1s de certificaci\u00f3n de competencias para quienes se capaciten en ellas.<\/p>\n<p>Asimismo, podr\u00e1n tener acceso a un distintivo oficial que las identificar\u00e1 como \u201ctortiller\u00eda adherida\u201d y la inclusi\u00f3n en el directorio nacional de tortiller\u00edas a precio justo.<\/p>\n<p>El registro podr\u00e1 hacerse de manera presencial e h\u00edbrido en las Representaciones Estatales de Agricultura, Distritos de Desarrollo Rural (DDR) o Centros de Apoyo al Desarrollo Rural (Cader).<\/p>\n<p>\u201cCon este acuerdo firmado el pasado 12 de junio de 2025, el Gobierno de M\u00e9xico y todos los eslabones de la cadena ma\u00edz\u2013tortilla \u2014productoras y productores, industria y tortiller\u00edas\u2014 unen esfuerzos para hacer posible que en cada mesa mexicana haya una tortilla hecha con ma\u00edz de calidad, que apoye al campo y tenga un precio justo\u201d, enfatizaron las autoridades.<\/p>\n<p>Actualmente, el precio de un kilo de tortilla oscila entre los 16 pesos y 32 pesos (unos 0,8 y 1,71 d\u00f3lares)\u00a0<strong>seg\u00fan la regi\u00f3n del pa\u00eds, siendo la zona metropolitana del Valle de M\u00e9xico una de las m\u00e1s baratas, con un promedio de 20 pesos (poco m\u00e1s de 1 d\u00f3lar). \u00a0\u00a0<\/strong><\/p>\n<p>&nbsp;<\/p>\n<p>Fuente: EFE<\/p>\n","protected":false},"excerpt":{"rendered":"<p>El\u00a0Gobierno de M\u00e9xico arranc\u00f3 este lunes la convocatoria para que tortiller\u00edas de todo el pa\u00eds se adhieran al \u2018Acuerdo Nacional Ma\u00edz-Tortilla\u2019\u00a0que tiene como meta lograr una reducci\u00f3n de al menos 5 % en el precio de la tortilla, de manera gradual, durante los pr\u00f3ximos seis meses. Esta convocatoria es consecuencia del acuerdo firmado en junio [&hellip;]<\/p>\n","protected":false},"author":2,"featured_media":225214,"comment_status":"closed","ping_status":"closed","sticky":false,"template":"","format":"standard","meta":{"footnotes":""},"categories":[12870,172],"tags":[12865,12874],"class_list":["post-225213","post","type-post","status-publish","format-standard","has-post-thumbnail","hentry","category-destacadas","category-nacional","tag-destacadas","tag-nacional"],"jetpack_featured_media_url":"https:\/\/rnoticias.com.mx\/Portal\/wp-content\/uploads\/2025\/07\/convoca-gobierno-tortillerias-bajar-precio.webp","amp_enabled":true,"_links":{"self":[{"href":"https:\/\/rnoticias.com.mx\/Portal\/wp-json\/wp\/v2\/posts\/225213","targetHints":{"allow":["GET"]}}],"collection":[{"href":"https:\/\/rnoticias.com.mx\/Portal\/wp-json\/wp\/v2\/posts"}],"about":[{"href":"https:\/\/rnoticias.com.mx\/Portal\/wp-json\/wp\/v2\/types\/post"}],"author":[{"embeddable":true,"href":"https:\/\/rnoticias.com.mx\/Portal\/wp-json\/wp\/v2\/users\/2"}],"replies":[{"embeddable":true,"href":"https:\/\/rnoticias.com.mx\/Portal\/wp-json\/wp\/v2\/comments?post=225213"}],"version-history":[{"count":1,"href":"https:\/\/rnoticias.com.mx\/Portal\/wp-json\/wp\/v2\/posts\/225213\/revisions"}],"predecessor-version":[{"id":225215,"href":"https:\/\/rnoticias.com.mx\/Portal\/wp-json\/wp\/v2\/posts\/225213\/revisions\/225215"}],"wp:featuredmedia":[{"embeddable":true,"href":"https:\/\/rnoticias.com.mx\/Portal\/wp-json\/wp\/v2\/media\/225214"}],"wp:attachment":[{"href":"https:\/\/rnoticias.com.mx\/Portal\/wp-json\/wp\/v2\/media?parent=225213"}],"wp:term":[{"taxonomy":"category","embeddable":true,"href":"https:\/\/rnoticias.com.mx\/Portal\/wp-json\/wp\/v2\/categories?post=225213"},{"taxonomy":"post_tag","embeddable":true,"href":"https:\/\/rnoticias.com.mx\/Portal\/wp-json\/wp\/v2\/tags?post=225213"}],"curies":[{"name":"wp","href":"https:\/\/api.w.org\/{rel}","templated":true}]}}