{"id":225204,"date":"2025-07-28T15:44:56","date_gmt":"2025-07-28T22:44:56","guid":{"rendered":"https:\/\/rnoticias.com.mx\/Portal\/?p=225204"},"modified":"2025-07-28T15:44:56","modified_gmt":"2025-07-28T22:44:56","slug":"carlos-villagran-rechaza-reencuentro-con-exelenco-de-el-chavo-del-8","status":"publish","type":"post","link":"https:\/\/rnoticias.com.mx\/Portal\/2025\/07\/28\/carlos-villagran-rechaza-reencuentro-con-exelenco-de-el-chavo-del-8\/","title":{"rendered":"Carlos Villagr\u00e1n rechaza reencuentro con exelenco de \u2018El Chavo del 8\u2019"},"content":{"rendered":"<p>El actor\u00a0<strong>Carlos Villagr\u00e1n<\/strong>, reconocido por su ic\u00f3nico personaje de \u201cKiko\u201d en \u2018El Chavo del Ocho\u2019, fue cuestionado sobre la posibilidad de reencontrarse con sus excompa\u00f1eros del elenco\u00a0<strong>Mar\u00eda Antonieta de las Nieves\u00a0<\/strong>(La Chilindrina) y\u00a0<strong>\u00c9dgar Vivar<\/strong>\u00a0(El Se\u00f1or Barriga). Sin embargo, lo descart\u00f3 por completo.<\/p>\n<p>Durante su reciente visita a\u00a0<strong>Per\u00fa<\/strong>, Villagr\u00e1n declar\u00f3 su rechazo a un posible reencuentro retomando una popular frase que surgi\u00f3 en el programa &#8216;<strong>El<\/strong>\u00a0<strong>Chavo del<\/strong>\u00a0<strong>Ocho<\/strong>&#8216;: \u201cYo no me junto con esa chusma. Ellos tienen sus motivos, sus razones. Todo eso. Los respeto a todos, pero no. Los periodistas, yo s\u00e9 que quieren que nos juntemos otra vez, pero si no se da, no se da\u201d.<\/p>\n<p>La declaraci\u00f3n gener\u00f3 reacciones en\u00a0<strong>redes sociales<\/strong>, donde algunos fan\u00e1ticos manifestaron su decepci\u00f3n al ver que persisten las tensiones entre los actores que colaboraron con Roberto G\u00f3mez Bola\u00f1os &#8220;<strong>Chespirito&#8221;<\/strong>.<\/p>\n<blockquote id=\"v30651730420546676\" class=\"tiktok-embed\" cite=\"https:\/\/www.tiktok.com\/@farandula.lorcha\/video\/7531466562532887864\" data-video-id=\"7531466562532887864\"><\/blockquote>\n<p>&nbsp;<\/p>\n<p>Fuente: Milenio<\/p>\n","protected":false},"excerpt":{"rendered":"<p>El actor\u00a0Carlos Villagr\u00e1n, reconocido por su ic\u00f3nico personaje de \u201cKiko\u201d en \u2018El Chavo del Ocho\u2019, fue cuestionado sobre la posibilidad de reencontrarse con sus excompa\u00f1eros del elenco\u00a0Mar\u00eda Antonieta de las Nieves\u00a0(La Chilindrina) y\u00a0\u00c9dgar Vivar\u00a0(El Se\u00f1or Barriga). Sin embargo, lo descart\u00f3 por completo. Durante su reciente visita a\u00a0Per\u00fa, Villagr\u00e1n declar\u00f3 su rechazo a un posible reencuentro [&hellip;]<\/p>\n","protected":false},"author":2,"featured_media":225205,"comment_status":"closed","ping_status":"closed","sticky":false,"template":"","format":"standard","meta":{"footnotes":""},"categories":[12870,219],"tags":[12865,12875],"class_list":["post-225204","post","type-post","status-publish","format-standard","has-post-thumbnail","hentry","category-destacadas","category-espectaculos","tag-destacadas","tag-espectaculos"],"jetpack_featured_media_url":"https:\/\/rnoticias.com.mx\/Portal\/wp-content\/uploads\/2025\/07\/descarga-6.png","amp_enabled":true,"_links":{"self":[{"href":"https:\/\/rnoticias.com.mx\/Portal\/wp-json\/wp\/v2\/posts\/225204","targetHints":{"allow":["GET"]}}],"collection":[{"href":"https:\/\/rnoticias.com.mx\/Portal\/wp-json\/wp\/v2\/posts"}],"about":[{"href":"https:\/\/rnoticias.com.mx\/Portal\/wp-json\/wp\/v2\/types\/post"}],"author":[{"embeddable":true,"href":"https:\/\/rnoticias.com.mx\/Portal\/wp-json\/wp\/v2\/users\/2"}],"replies":[{"embeddable":true,"href":"https:\/\/rnoticias.com.mx\/Portal\/wp-json\/wp\/v2\/comments?post=225204"}],"version-history":[{"count":1,"href":"https:\/\/rnoticias.com.mx\/Portal\/wp-json\/wp\/v2\/posts\/225204\/revisions"}],"predecessor-version":[{"id":225206,"href":"https:\/\/rnoticias.com.mx\/Portal\/wp-json\/wp\/v2\/posts\/225204\/revisions\/225206"}],"wp:featuredmedia":[{"embeddable":true,"href":"https:\/\/rnoticias.com.mx\/Portal\/wp-json\/wp\/v2\/media\/225205"}],"wp:attachment":[{"href":"https:\/\/rnoticias.com.mx\/Portal\/wp-json\/wp\/v2\/media?parent=225204"}],"wp:term":[{"taxonomy":"category","embeddable":true,"href":"https:\/\/rnoticias.com.mx\/Portal\/wp-json\/wp\/v2\/categories?post=225204"},{"taxonomy":"post_tag","embeddable":true,"href":"https:\/\/rnoticias.com.mx\/Portal\/wp-json\/wp\/v2\/tags?post=225204"}],"curies":[{"name":"wp","href":"https:\/\/api.w.org\/{rel}","templated":true}]}}