{"id":225201,"date":"2025-07-28T15:43:04","date_gmt":"2025-07-28T22:43:04","guid":{"rendered":"https:\/\/rnoticias.com.mx\/Portal\/?p=225201"},"modified":"2025-07-28T15:43:04","modified_gmt":"2025-07-28T22:43:04","slug":"lucha-libre-mexicana-se-encuentra-de-luto-fallece-nosferatu","status":"publish","type":"post","link":"https:\/\/rnoticias.com.mx\/Portal\/2025\/07\/28\/lucha-libre-mexicana-se-encuentra-de-luto-fallece-nosferatu\/","title":{"rendered":"Lucha Libre mexicana se encuentra de luto; fallece Nosferatu"},"content":{"rendered":"<p>Este lunes s<strong>e dio a conocer el fallecimiento de Nosferatu, luchador enmascarado de 45 a\u00f1os, hijo del legendario luchador Javier \u2018Chamaco\u2019 Valaguez.\u00a0<\/strong>El deceso fue anunciado por su maestro \u201cEl Sat\u00e1nico\u201d.<\/p>\n<p><strong>La noticia fue compartida por el que fue su maestro y con el que comparti\u00f3 facci\u00f3n en el Consejo Mundial de Lucha Libre (CMLL)<\/strong>, mientras formaban parte de Los Infernales, y hasta el momento no hay causa oficial del fallecimiento.<\/p>\n<p>\u201cMe uno a la pena y en oraci\u00f3n por la lamentable p\u00e9rdida de Nosferatu, un elemento que form\u00f3 parte de Los Infernales; su estampa, presencia f\u00edsica y legado lo hicieron un gladiador con mucho potencial\u201d, comparti\u00f3 El Sat\u00e1nico en redes sociales.<\/p>\n<p><strong>Nosferatu comenz\u00f3 su carrera arriba del cuadril\u00e1tero en el a\u00f1o 2000, en ese momento luchando sin mascara y bajo el nombre de Chamaco Valaguez Jr<\/strong>., siguiendo los pasos de su padre, y no fue hasta 2<strong>007 cuando firm\u00f3 contrato con el CMLL<\/strong>\u00a0que cambio por completo su personaje, convirti\u00e9ndose en Nosferatu.<\/p>\n<p>Nosferatu logr\u00f3 consolidarse como un rudo importante, logrando carteleras importantes y siendo respetado por toda la afici\u00f3n dentro de la lucha nacional.<\/p>\n<p>&nbsp;<\/p>\n<p>&nbsp;<\/p>\n<p>Fuente: TUDN<\/p>\n","protected":false},"excerpt":{"rendered":"<p>Este lunes se dio a conocer el fallecimiento de Nosferatu, luchador enmascarado de 45 a\u00f1os, hijo del legendario luchador Javier \u2018Chamaco\u2019 Valaguez.\u00a0El deceso fue anunciado por su maestro \u201cEl Sat\u00e1nico\u201d. La noticia fue compartida por el que fue su maestro y con el que comparti\u00f3 facci\u00f3n en el Consejo Mundial de Lucha Libre (CMLL), mientras [&hellip;]<\/p>\n","protected":false},"author":2,"featured_media":225202,"comment_status":"closed","ping_status":"closed","sticky":false,"template":"","format":"standard","meta":{"footnotes":""},"categories":[188,12870],"tags":[5231,12865],"class_list":["post-225201","post","type-post","status-publish","format-standard","has-post-thumbnail","hentry","category-deportes","category-destacadas","tag-deportes","tag-destacadas"],"jetpack_featured_media_url":"https:\/\/rnoticias.com.mx\/Portal\/wp-content\/uploads\/2025\/07\/muere-nosferatu-luchador-mexicano-facebook-satanico-no.-1-111236.jpg","amp_enabled":true,"_links":{"self":[{"href":"https:\/\/rnoticias.com.mx\/Portal\/wp-json\/wp\/v2\/posts\/225201","targetHints":{"allow":["GET"]}}],"collection":[{"href":"https:\/\/rnoticias.com.mx\/Portal\/wp-json\/wp\/v2\/posts"}],"about":[{"href":"https:\/\/rnoticias.com.mx\/Portal\/wp-json\/wp\/v2\/types\/post"}],"author":[{"embeddable":true,"href":"https:\/\/rnoticias.com.mx\/Portal\/wp-json\/wp\/v2\/users\/2"}],"replies":[{"embeddable":true,"href":"https:\/\/rnoticias.com.mx\/Portal\/wp-json\/wp\/v2\/comments?post=225201"}],"version-history":[{"count":1,"href":"https:\/\/rnoticias.com.mx\/Portal\/wp-json\/wp\/v2\/posts\/225201\/revisions"}],"predecessor-version":[{"id":225203,"href":"https:\/\/rnoticias.com.mx\/Portal\/wp-json\/wp\/v2\/posts\/225201\/revisions\/225203"}],"wp:featuredmedia":[{"embeddable":true,"href":"https:\/\/rnoticias.com.mx\/Portal\/wp-json\/wp\/v2\/media\/225202"}],"wp:attachment":[{"href":"https:\/\/rnoticias.com.mx\/Portal\/wp-json\/wp\/v2\/media?parent=225201"}],"wp:term":[{"taxonomy":"category","embeddable":true,"href":"https:\/\/rnoticias.com.mx\/Portal\/wp-json\/wp\/v2\/categories?post=225201"},{"taxonomy":"post_tag","embeddable":true,"href":"https:\/\/rnoticias.com.mx\/Portal\/wp-json\/wp\/v2\/tags?post=225201"}],"curies":[{"name":"wp","href":"https:\/\/api.w.org\/{rel}","templated":true}]}}