{"id":225195,"date":"2025-07-28T15:39:20","date_gmt":"2025-07-28T22:39:20","guid":{"rendered":"https:\/\/rnoticias.com.mx\/Portal\/?p=225195"},"modified":"2025-07-28T15:39:20","modified_gmt":"2025-07-28T22:39:20","slug":"saca-policia-preventiva-de-las-calles-a-108-presuntos-delincuentes","status":"publish","type":"post","link":"https:\/\/rnoticias.com.mx\/Portal\/2025\/07\/28\/saca-policia-preventiva-de-las-calles-a-108-presuntos-delincuentes\/","title":{"rendered":"Saca Polic\u00eda Preventiva de las calles a 108 presuntos delincuentes*"},"content":{"rendered":"<div dir=\"auto\"><b>Hermosillo, Sonora a 28 de julio del 2025*.-<\/b>\u00a0En una semana de operativos para inhibir el delito, la Polic\u00eda Preventiva detuvo a 108 personas, entre ellas, a objetivos prioritarios y dos presuntos homicidas.<\/div>\n<div dir=\"auto\"><\/div>\n<div dir=\"auto\">El director de la Polic\u00eda Preventiva, Cristian Estrella Jurado, dijo que apoyados por vigilancia a\u00e9rea, a trav\u00e9s del grupo EscuaDrones, han sido ubicados objetivos prioritarios relacionados con actos delictivos.<\/div>\n<div dir=\"auto\"><\/div>\n<div dir=\"auto\">Precis\u00f3 que del 21 al 27 de julio arrestaron a 342 personas, de las cuales, 234 de ellas se les present\u00f3 ante el Juez Calificador por cometer alguna falta administrativa.<\/div>\n<div dir=\"auto\"><\/div>\n<div dir=\"auto\">Detall\u00f3 que al Ministerio P\u00fablico del Fuero Com\u00fan se turnaron 70 personas, un menor al Itama y 37 a la autoridad investigadora federal.<\/div>\n<div dir=\"auto\"><\/div>\n<div dir=\"auto\">Durante los recorridos recuperaron cinco autos robados e incautaron 36 armas prohibidas entre las cuales se encuentran 2 de fuego y 34 blancas, mencion\u00f3.<\/div>\n<div dir=\"auto\"><\/div>\n<div dir=\"auto\">Dijo que tambi\u00e9n atendieron 418 reportes de m\u00fasica en alto vol\u00famen y\/o fiestas ruidosas, de los cuales, se elaboraron seis Informes Policiales Homologados.<\/div>\n<div dir=\"auto\"><\/div>\n<div dir=\"auto\">Estrella Jurado dio a conocer que se mantienen operativos permanentes en los sectores sur y norte, as\u00ed como patrullajes en el Cerro de la Campana en coordinaci\u00f3n con otras corporaciones policiales para inhibir conductas delictivas.<\/div>\n<div dir=\"auto\"><\/div>\n","protected":false},"excerpt":{"rendered":"<p>Hermosillo, Sonora a 28 de julio del 2025*.-\u00a0En una semana de operativos para inhibir el delito, la Polic\u00eda Preventiva detuvo a 108 personas, entre ellas, a objetivos prioritarios y dos presuntos homicidas. El director de la Polic\u00eda Preventiva, Cristian Estrella Jurado, dijo que apoyados por vigilancia a\u00e9rea, a trav\u00e9s del grupo EscuaDrones, han sido ubicados [&hellip;]<\/p>\n","protected":false},"author":2,"featured_media":225196,"comment_status":"closed","ping_status":"closed","sticky":false,"template":"","format":"standard","meta":{"footnotes":""},"categories":[12870,178],"tags":[12865,12869],"class_list":["post-225195","post","type-post","status-publish","format-standard","has-post-thumbnail","hentry","category-destacadas","category-local","tag-destacadas","tag-local"],"jetpack_featured_media_url":"https:\/\/rnoticias.com.mx\/Portal\/wp-content\/uploads\/2025\/07\/1001567146.jpg","amp_enabled":true,"_links":{"self":[{"href":"https:\/\/rnoticias.com.mx\/Portal\/wp-json\/wp\/v2\/posts\/225195","targetHints":{"allow":["GET"]}}],"collection":[{"href":"https:\/\/rnoticias.com.mx\/Portal\/wp-json\/wp\/v2\/posts"}],"about":[{"href":"https:\/\/rnoticias.com.mx\/Portal\/wp-json\/wp\/v2\/types\/post"}],"author":[{"embeddable":true,"href":"https:\/\/rnoticias.com.mx\/Portal\/wp-json\/wp\/v2\/users\/2"}],"replies":[{"embeddable":true,"href":"https:\/\/rnoticias.com.mx\/Portal\/wp-json\/wp\/v2\/comments?post=225195"}],"version-history":[{"count":1,"href":"https:\/\/rnoticias.com.mx\/Portal\/wp-json\/wp\/v2\/posts\/225195\/revisions"}],"predecessor-version":[{"id":225197,"href":"https:\/\/rnoticias.com.mx\/Portal\/wp-json\/wp\/v2\/posts\/225195\/revisions\/225197"}],"wp:featuredmedia":[{"embeddable":true,"href":"https:\/\/rnoticias.com.mx\/Portal\/wp-json\/wp\/v2\/media\/225196"}],"wp:attachment":[{"href":"https:\/\/rnoticias.com.mx\/Portal\/wp-json\/wp\/v2\/media?parent=225195"}],"wp:term":[{"taxonomy":"category","embeddable":true,"href":"https:\/\/rnoticias.com.mx\/Portal\/wp-json\/wp\/v2\/categories?post=225195"},{"taxonomy":"post_tag","embeddable":true,"href":"https:\/\/rnoticias.com.mx\/Portal\/wp-json\/wp\/v2\/tags?post=225195"}],"curies":[{"name":"wp","href":"https:\/\/api.w.org\/{rel}","templated":true}]}}