{"id":225180,"date":"2025-07-28T14:14:04","date_gmt":"2025-07-28T21:14:04","guid":{"rendered":"https:\/\/rnoticias.com.mx\/Portal\/?p=225180"},"modified":"2025-07-28T14:14:04","modified_gmt":"2025-07-28T21:14:04","slug":"nodal-estaria-evitando-que-entrevista-con-adela-micha-salga-a-la-luz","status":"publish","type":"post","link":"https:\/\/rnoticias.com.mx\/Portal\/2025\/07\/28\/nodal-estaria-evitando-que-entrevista-con-adela-micha-salga-a-la-luz\/","title":{"rendered":"Nodal estar\u00eda evitando que entrevista con Adela Micha salga a la luz"},"content":{"rendered":"<p>En redes sociales han empezado a circular rumores de una entrevista a\u00a0<strong>Christian Nodal<\/strong>\u00a0por parte de la conocida periodista y conductora,\u00a0<strong>Adela Micha<\/strong>. Sin embargo, lo relevante de estos rumores es que, seg\u00fan las versiones difundidas en redes,\u00a0<strong>Nodal estar\u00eda tratando de evitar que la entrevista salga a la luz, debido a declaraciones que lo dejar\u00edan \u201cmal parado\u201d.<\/strong><\/p>\n<p>Se dice que Nodal ha estado ofreciendo sumas considerables de dinero a Micha a cambio de la entrevista, en la que\u00a0<strong>supuestamente revel\u00f3 detalles in\u00e9ditos de sus relaciones<\/strong>, tanto como la de\u00a0<strong>\u00c1ngela Aguilar<\/strong>\u00a0al igual que la de\u00a0<strong>Cazzu<\/strong>, madre de su hija Inti.<\/p>\n<p>Seg\u00fan detalles revelados por el tiktoker Misa Comunica, el esposo de \u00c1ngela Aguilar no habr\u00eda quedado contento con las declaraciones que dio, ya que lo habr\u00eda dejado en una posici\u00f3n comprometida. Misa asegura que a \u201cChristian Nodal se le fue la lengua, el rumor est\u00e1 fuerte. Dicen que Christian Nodal no quiere que salga la entrevista que acaba de grabar con De la Micha\u201d ya que algunos fragmentos son tan pol\u00e9micos que \u201cpodr\u00edan encender de nuevo las redes y revivir todos estos ataques\u201d.<\/p>\n<p>Hasta el momento, ni Nodal, ni Adela Micha han respondido p\u00fablicamente a estos rumores y la entrevista a\u00fan no tiene fecha de estreno confirmada.<\/p>\n<p>&nbsp;<\/p>\n<p>uente: Imagen<\/p>\n","protected":false},"excerpt":{"rendered":"<p>En redes sociales han empezado a circular rumores de una entrevista a\u00a0Christian Nodal\u00a0por parte de la conocida periodista y conductora,\u00a0Adela Micha. Sin embargo, lo relevante de estos rumores es que, seg\u00fan las versiones difundidas en redes,\u00a0Nodal estar\u00eda tratando de evitar que la entrevista salga a la luz, debido a declaraciones que lo dejar\u00edan \u201cmal parado\u201d. [&hellip;]<\/p>\n","protected":false},"author":2,"featured_media":225181,"comment_status":"closed","ping_status":"closed","sticky":false,"template":"","format":"standard","meta":{"footnotes":""},"categories":[12870,219],"tags":[12865,12875],"class_list":["post-225180","post","type-post","status-publish","format-standard","has-post-thumbnail","hentry","category-destacadas","category-espectaculos","tag-destacadas","tag-espectaculos"],"jetpack_featured_media_url":"https:\/\/rnoticias.com.mx\/Portal\/wp-content\/uploads\/2025\/07\/nodal-habria-dado-una-entrevista.jpg","amp_enabled":true,"_links":{"self":[{"href":"https:\/\/rnoticias.com.mx\/Portal\/wp-json\/wp\/v2\/posts\/225180","targetHints":{"allow":["GET"]}}],"collection":[{"href":"https:\/\/rnoticias.com.mx\/Portal\/wp-json\/wp\/v2\/posts"}],"about":[{"href":"https:\/\/rnoticias.com.mx\/Portal\/wp-json\/wp\/v2\/types\/post"}],"author":[{"embeddable":true,"href":"https:\/\/rnoticias.com.mx\/Portal\/wp-json\/wp\/v2\/users\/2"}],"replies":[{"embeddable":true,"href":"https:\/\/rnoticias.com.mx\/Portal\/wp-json\/wp\/v2\/comments?post=225180"}],"version-history":[{"count":1,"href":"https:\/\/rnoticias.com.mx\/Portal\/wp-json\/wp\/v2\/posts\/225180\/revisions"}],"predecessor-version":[{"id":225182,"href":"https:\/\/rnoticias.com.mx\/Portal\/wp-json\/wp\/v2\/posts\/225180\/revisions\/225182"}],"wp:featuredmedia":[{"embeddable":true,"href":"https:\/\/rnoticias.com.mx\/Portal\/wp-json\/wp\/v2\/media\/225181"}],"wp:attachment":[{"href":"https:\/\/rnoticias.com.mx\/Portal\/wp-json\/wp\/v2\/media?parent=225180"}],"wp:term":[{"taxonomy":"category","embeddable":true,"href":"https:\/\/rnoticias.com.mx\/Portal\/wp-json\/wp\/v2\/categories?post=225180"},{"taxonomy":"post_tag","embeddable":true,"href":"https:\/\/rnoticias.com.mx\/Portal\/wp-json\/wp\/v2\/tags?post=225180"}],"curies":[{"name":"wp","href":"https:\/\/api.w.org\/{rel}","templated":true}]}}