{"id":225168,"date":"2025-07-28T14:08:41","date_gmt":"2025-07-28T21:08:41","guid":{"rendered":"https:\/\/rnoticias.com.mx\/Portal\/?p=225168"},"modified":"2025-07-28T14:08:41","modified_gmt":"2025-07-28T21:08:41","slug":"gobierno-de-sonora-insta-a-fomentar-un-ambiente-familiar-sano-durante-las-vacaciones","status":"publish","type":"post","link":"https:\/\/rnoticias.com.mx\/Portal\/2025\/07\/28\/gobierno-de-sonora-insta-a-fomentar-un-ambiente-familiar-sano-durante-las-vacaciones\/","title":{"rendered":"Gobierno de Sonora insta a fomentar un ambiente familiar sano durante las vacaciones"},"content":{"rendered":"<p align=\"left\">Hermosillo, Sonora; 28 de julio de 2025.- El Gobierno de Sonora hace un llamado a promover la sana convivencia en el hogar durante este periodo vacacional, al considerar que el tiempo libre puede ser una oportunidad para fortalecer los lazos familiares y fomentar el respeto, la comunicaci\u00f3n y el bienestar emocional.<\/p>\n<p align=\"left\">A trav\u00e9s del Sistema DIF Sonora, se invita a las familias a aprovechar este tiempo para convivir de forma arm\u00f3nica, participar en actividades recreativas y reforzar los valores que favorecen un entorno de paz, especialmente para ni\u00f1as, ni\u00f1os, adolescentes y personas mayores.<\/p>\n<p align=\"left\">La directora del Sistema DIF Sonora, Lizeth V\u00e1squez Ochoa, mencion\u00f3 que, en caso de detectar o vivir una situaci\u00f3n de violencia familiar, el Gobierno de Sonora recuerda que est\u00e1 disponible la l\u00ednea de emergencia 911, donde se puede reportar de forma inmediata y recibir atenci\u00f3n profesional.<\/p>\n<p align=\"left\">La Procuradur\u00eda de Protecci\u00f3n de Ni\u00f1as, Ni\u00f1os y Adolescentes de DIF Sonora recibe las denuncias remitidas de la l\u00ednea de emergencia, y personal especializado atiende la preservaci\u00f3n de los derechos de la ni\u00f1ez.<\/p>\n<p align=\"left\">La violencia no debe normalizarse ni silenciarse; por ello, se reitera la importancia de actuar con responsabilidad, empat\u00eda y solidaridad, generando entre todas y todos un ambiente seguro en nuestros hogares.<\/p>\n","protected":false},"excerpt":{"rendered":"<p>Hermosillo, Sonora; 28 de julio de 2025.- El Gobierno de Sonora hace un llamado a promover la sana convivencia en el hogar durante este periodo vacacional, al considerar que el tiempo libre puede ser una oportunidad para fortalecer los lazos familiares y fomentar el respeto, la comunicaci\u00f3n y el bienestar emocional. A trav\u00e9s del Sistema [&hellip;]<\/p>\n","protected":false},"author":2,"featured_media":225169,"comment_status":"closed","ping_status":"closed","sticky":false,"template":"","format":"standard","meta":{"footnotes":""},"categories":[12870,178],"tags":[12865,12869],"class_list":["post-225168","post","type-post","status-publish","format-standard","has-post-thumbnail","hentry","category-destacadas","category-local","tag-destacadas","tag-local"],"jetpack_featured_media_url":"https:\/\/rnoticias.com.mx\/Portal\/wp-content\/uploads\/2025\/07\/unnamed-2-20.jpg","amp_enabled":true,"_links":{"self":[{"href":"https:\/\/rnoticias.com.mx\/Portal\/wp-json\/wp\/v2\/posts\/225168","targetHints":{"allow":["GET"]}}],"collection":[{"href":"https:\/\/rnoticias.com.mx\/Portal\/wp-json\/wp\/v2\/posts"}],"about":[{"href":"https:\/\/rnoticias.com.mx\/Portal\/wp-json\/wp\/v2\/types\/post"}],"author":[{"embeddable":true,"href":"https:\/\/rnoticias.com.mx\/Portal\/wp-json\/wp\/v2\/users\/2"}],"replies":[{"embeddable":true,"href":"https:\/\/rnoticias.com.mx\/Portal\/wp-json\/wp\/v2\/comments?post=225168"}],"version-history":[{"count":1,"href":"https:\/\/rnoticias.com.mx\/Portal\/wp-json\/wp\/v2\/posts\/225168\/revisions"}],"predecessor-version":[{"id":225170,"href":"https:\/\/rnoticias.com.mx\/Portal\/wp-json\/wp\/v2\/posts\/225168\/revisions\/225170"}],"wp:featuredmedia":[{"embeddable":true,"href":"https:\/\/rnoticias.com.mx\/Portal\/wp-json\/wp\/v2\/media\/225169"}],"wp:attachment":[{"href":"https:\/\/rnoticias.com.mx\/Portal\/wp-json\/wp\/v2\/media?parent=225168"}],"wp:term":[{"taxonomy":"category","embeddable":true,"href":"https:\/\/rnoticias.com.mx\/Portal\/wp-json\/wp\/v2\/categories?post=225168"},{"taxonomy":"post_tag","embeddable":true,"href":"https:\/\/rnoticias.com.mx\/Portal\/wp-json\/wp\/v2\/tags?post=225168"}],"curies":[{"name":"wp","href":"https:\/\/api.w.org\/{rel}","templated":true}]}}