{"id":225127,"date":"2025-07-26T09:36:36","date_gmt":"2025-07-26T16:36:36","guid":{"rendered":"https:\/\/rnoticias.com.mx\/Portal\/?p=225127"},"modified":"2025-07-26T09:36:36","modified_gmt":"2025-07-26T16:36:36","slug":"detienen-a-dos-implicados-en-el-asesinato-de-la-maestra-irma-hernandez-en-veracruz","status":"publish","type":"post","link":"https:\/\/rnoticias.com.mx\/Portal\/2025\/07\/26\/detienen-a-dos-implicados-en-el-asesinato-de-la-maestra-irma-hernandez-en-veracruz\/","title":{"rendered":"Detienen a dos implicados en el asesinato de la maestra Irma Hern\u00e1ndez en Veracruz"},"content":{"rendered":"<p>La<strong>\u00a0Fiscal\u00eda General del Estado de Veracruz inform\u00f3 que detuvieron a dos presuntos responsables del secuestro y asesinato de la maestra jubilada Irma Hern\u00e1ndez Cruz,<\/strong>\u00a0ocurrido el pasado 18 de julio en el municipio de \u00c1lamo Temapache.<\/p>\n<p>Los detenidos fueron identificados como<strong>\u00a0V\u00edctor &#8216;N&#8217;, alias &#8216;El Cholo&#8217; o &#8216;Moyo&#8217;, y Jos\u00e9 &#8216;N&#8217;, apodado &#8216;El Gast\u00f3n&#8217; o &#8216;\u00c1guila&#8217;<\/strong>. Ambos estar\u00edan vinculados a La Mafia Veracruzana, organizaci\u00f3n criminal relacionada con la c\u00e9lula delictiva conocida como La Sombra.<\/p>\n<p>La maestra Irma Hern\u00e1ndez, de 62 a\u00f1os, fue<strong>\u00a0secuestrada mientras trabajaba como taxista en el norte del estado. Horas despu\u00e9s, un video fue difundido por redes sociales y medios locales, d<\/strong>onde se le ve arrodillada, con las manos atadas, leyendo un mensaje intimidatorio dirigido a transportistas.<\/p>\n<p>Y fue ayer 24 de julio, que las autoridades de\u00a0<strong>Veracruz confirmaron el hallazgo del cuerpo sin vida de la maestra en un predio de la comunidad de Tepetzintlilla, en el mismo municipio donde fue reportada su desaparici\u00f3n.<\/strong><\/p>\n<p>Seg\u00fan el reporte forense,\u00a0<strong>Irma Hern\u00e1ndez falleci\u00f3 a causa de un infarto agudo al miocardio, producto del estr\u00e9s y la violencia a la que fue sometida durante su cautiverio.<\/strong><\/p>\n<p>Fuente:EJEC-MILENIO<\/p>\n","protected":false},"excerpt":{"rendered":"<p>La\u00a0Fiscal\u00eda General del Estado de Veracruz inform\u00f3 que detuvieron a dos presuntos responsables del secuestro y asesinato de la maestra jubilada Irma Hern\u00e1ndez Cruz,\u00a0ocurrido el pasado 18 de julio en el municipio de \u00c1lamo Temapache. Los detenidos fueron identificados como\u00a0V\u00edctor &#8216;N&#8217;, alias &#8216;El Cholo&#8217; o &#8216;Moyo&#8217;, y Jos\u00e9 &#8216;N&#8217;, apodado &#8216;El Gast\u00f3n&#8217; o &#8216;\u00c1guila&#8217;. Ambos [&hellip;]<\/p>\n","protected":false},"author":2,"featured_media":225128,"comment_status":"closed","ping_status":"closed","sticky":false,"template":"","format":"standard","meta":{"footnotes":""},"categories":[12870,172],"tags":[12865,12874],"class_list":["post-225127","post","type-post","status-publish","format-standard","has-post-thumbnail","hentry","category-destacadas","category-nacional","tag-destacadas","tag-nacional"],"jetpack_featured_media_url":"https:\/\/rnoticias.com.mx\/Portal\/wp-content\/uploads\/2025\/07\/descarga-4.webp","amp_enabled":true,"_links":{"self":[{"href":"https:\/\/rnoticias.com.mx\/Portal\/wp-json\/wp\/v2\/posts\/225127","targetHints":{"allow":["GET"]}}],"collection":[{"href":"https:\/\/rnoticias.com.mx\/Portal\/wp-json\/wp\/v2\/posts"}],"about":[{"href":"https:\/\/rnoticias.com.mx\/Portal\/wp-json\/wp\/v2\/types\/post"}],"author":[{"embeddable":true,"href":"https:\/\/rnoticias.com.mx\/Portal\/wp-json\/wp\/v2\/users\/2"}],"replies":[{"embeddable":true,"href":"https:\/\/rnoticias.com.mx\/Portal\/wp-json\/wp\/v2\/comments?post=225127"}],"version-history":[{"count":1,"href":"https:\/\/rnoticias.com.mx\/Portal\/wp-json\/wp\/v2\/posts\/225127\/revisions"}],"predecessor-version":[{"id":225129,"href":"https:\/\/rnoticias.com.mx\/Portal\/wp-json\/wp\/v2\/posts\/225127\/revisions\/225129"}],"wp:featuredmedia":[{"embeddable":true,"href":"https:\/\/rnoticias.com.mx\/Portal\/wp-json\/wp\/v2\/media\/225128"}],"wp:attachment":[{"href":"https:\/\/rnoticias.com.mx\/Portal\/wp-json\/wp\/v2\/media?parent=225127"}],"wp:term":[{"taxonomy":"category","embeddable":true,"href":"https:\/\/rnoticias.com.mx\/Portal\/wp-json\/wp\/v2\/categories?post=225127"},{"taxonomy":"post_tag","embeddable":true,"href":"https:\/\/rnoticias.com.mx\/Portal\/wp-json\/wp\/v2\/tags?post=225127"}],"curies":[{"name":"wp","href":"https:\/\/api.w.org\/{rel}","templated":true}]}}