{"id":225124,"date":"2025-07-26T09:34:28","date_gmt":"2025-07-26T16:34:28","guid":{"rendered":"https:\/\/rnoticias.com.mx\/Portal\/?p=225124"},"modified":"2025-07-26T09:34:28","modified_gmt":"2025-07-26T16:34:28","slug":"lando-norris-firma-la-pole-en-spa-seguido-de-piastri-y-leclerc","status":"publish","type":"post","link":"https:\/\/rnoticias.com.mx\/Portal\/2025\/07\/26\/lando-norris-firma-la-pole-en-spa-seguido-de-piastri-y-leclerc\/","title":{"rendered":"Lando Norris firma la &#8216;pole&#8217; en Spa seguido de Piastri y Leclerc"},"content":{"rendered":"<p>El ingl\u00e9s Lando Norris (McLaren) -segundo en el campeonato-\u00a0<strong>saldr\u00e1 primero este domingo en el Gran Premio de B\u00e9lgica<\/strong>, el decimotercero del Mundial de F1, en Spa-Francorchamps; seguido de su compa\u00f1ero Oscar Piastri y Charles Leclerc.<\/p>\n<p><strong>Norris, de 25 a\u00f1os, logr\u00f3 su decimotercera &#8216;pole&#8217; en la F1 -la cuarta de la temporada- al dominar la calificaci\u00f3n de este s\u00e1bado, en cuya tercera y decisiva ronda (Q3) cubri\u00f3 los 7.004 metros de la legendaria pista de Las \u00c1rdenas<\/strong>\u00a0-la m\u00e1s larga del campeonato- en un minuto, 40 segundos y 562 mil\u00e9simas, 85 menos que su compa\u00f1ero, el australiano Oscar Piastri (McLaren) -l\u00edder del Mundial, con nueve puntos de ventaja-, que arrancar\u00e1 a su lado desde la primera fila.<\/p>\n<p>El monegasco Charles Leclerc (Ferrari)\u00a0<strong>acab\u00f3 tercero la cronometrada principal<\/strong>, a 338 mil\u00e9simas de Norris -que viene de ganar los dos \u00faltimos Grandes Premios; en Austria y ante su afici\u00f3n, en Silverstone- y saldr\u00e1 desde la segunda fila, al lado del cu\u00e1druple campe\u00f3n del mundo neerland\u00e9s Max Verstappen (Red Bull), que por la ma\u00f1ana se impuso en la carrera corta y por la tarde fue cuarto en la &#8216;cuali&#8217;.<\/p>\n<p>El tailand\u00e9s Alex Albon, compa\u00f1ero de Sainz en Williams, saldr\u00e1 quinto, acompa\u00f1ado en la tercera fila por el ingl\u00e9s George Russell (Mercedes).<\/p>\n<p>Una hilera detr\u00e1s de ellos arrancar\u00e1n el japon\u00e9s Yuki Tsunoda (Red Bull) -s\u00e9ptimo este s\u00e1bado- y el debutante franc\u00e9s Isack Hadjar (RB)<\/p>\n<p><strong>El neozeland\u00e9s Liam Lawson (RB) y el &#8216;rookie&#8217; brasile\u00f1o Gabriel Bortoleto (Kick Sauber), d\u00e9cimo en la cronometrada, lo har\u00e1n desde la quinta fila de la formaci\u00f3n de salida en la carrera de este domingo,<\/strong>\u00a0prevista a 44 vueltas, para completar un recorrido de 308 kil\u00f3metros.<\/p>\n<p>&nbsp;<\/p>\n<p>&nbsp;<\/p>\n<p>Fuente: EFE<\/p>\n","protected":false},"excerpt":{"rendered":"<p>El ingl\u00e9s Lando Norris (McLaren) -segundo en el campeonato-\u00a0saldr\u00e1 primero este domingo en el Gran Premio de B\u00e9lgica, el decimotercero del Mundial de F1, en Spa-Francorchamps; seguido de su compa\u00f1ero Oscar Piastri y Charles Leclerc. Norris, de 25 a\u00f1os, logr\u00f3 su decimotercera &#8216;pole&#8217; en la F1 -la cuarta de la temporada- al dominar la calificaci\u00f3n [&hellip;]<\/p>\n","protected":false},"author":2,"featured_media":225125,"comment_status":"closed","ping_status":"closed","sticky":false,"template":"","format":"standard","meta":{"footnotes":""},"categories":[188,12870],"tags":[5231,12865],"class_list":["post-225124","post","type-post","status-publish","format-standard","has-post-thumbnail","hentry","category-deportes","category-destacadas","tag-deportes","tag-destacadas"],"jetpack_featured_media_url":"https:\/\/rnoticias.com.mx\/Portal\/wp-content\/uploads\/2025\/07\/Screenshot_20250629_170208_Chrome-1000x600-1.jpg","amp_enabled":true,"_links":{"self":[{"href":"https:\/\/rnoticias.com.mx\/Portal\/wp-json\/wp\/v2\/posts\/225124","targetHints":{"allow":["GET"]}}],"collection":[{"href":"https:\/\/rnoticias.com.mx\/Portal\/wp-json\/wp\/v2\/posts"}],"about":[{"href":"https:\/\/rnoticias.com.mx\/Portal\/wp-json\/wp\/v2\/types\/post"}],"author":[{"embeddable":true,"href":"https:\/\/rnoticias.com.mx\/Portal\/wp-json\/wp\/v2\/users\/2"}],"replies":[{"embeddable":true,"href":"https:\/\/rnoticias.com.mx\/Portal\/wp-json\/wp\/v2\/comments?post=225124"}],"version-history":[{"count":1,"href":"https:\/\/rnoticias.com.mx\/Portal\/wp-json\/wp\/v2\/posts\/225124\/revisions"}],"predecessor-version":[{"id":225126,"href":"https:\/\/rnoticias.com.mx\/Portal\/wp-json\/wp\/v2\/posts\/225124\/revisions\/225126"}],"wp:featuredmedia":[{"embeddable":true,"href":"https:\/\/rnoticias.com.mx\/Portal\/wp-json\/wp\/v2\/media\/225125"}],"wp:attachment":[{"href":"https:\/\/rnoticias.com.mx\/Portal\/wp-json\/wp\/v2\/media?parent=225124"}],"wp:term":[{"taxonomy":"category","embeddable":true,"href":"https:\/\/rnoticias.com.mx\/Portal\/wp-json\/wp\/v2\/categories?post=225124"},{"taxonomy":"post_tag","embeddable":true,"href":"https:\/\/rnoticias.com.mx\/Portal\/wp-json\/wp\/v2\/tags?post=225124"}],"curies":[{"name":"wp","href":"https:\/\/api.w.org\/{rel}","templated":true}]}}