{"id":225120,"date":"2025-07-25T17:35:08","date_gmt":"2025-07-26T00:35:08","guid":{"rendered":"https:\/\/rnoticias.com.mx\/Portal\/?p=225120"},"modified":"2025-07-25T17:35:08","modified_gmt":"2025-07-26T00:35:08","slug":"reabre-agua-de-hermosillo-tramo-rehabilitado-en-bulevar-paseo-rio-sonora-y-reforma","status":"publish","type":"post","link":"https:\/\/rnoticias.com.mx\/Portal\/2025\/07\/25\/reabre-agua-de-hermosillo-tramo-rehabilitado-en-bulevar-paseo-rio-sonora-y-reforma\/","title":{"rendered":"Reabre Agua de Hermosillo tramo rehabilitado en bulevar Paseo R\u00edo Sonora y Reforma"},"content":{"rendered":"<p>Hermosillo, Sonora, 25 de julio, 2025.- Es reabierto el tr\u00e1fico vehicular del bulevar Paseo R\u00edo Sonora, entre las avenidas Reforma y Solidaridad, tras concluir los trabajos realizados por personal de Agua de Hermosillo del colector principal donde se sustituy\u00f3 una l\u00ednea de conducci\u00f3n de 48 pulgadas.<\/p>\n<p>Miguel \u00c1ngel Santana, gerente de Alcantarillado y Saneamiento del organismo operador, explic\u00f3 que se reemplaz\u00f3 una tuber\u00eda de asbesto con m\u00e1s de 35 a\u00f1os de antig\u00fcedad, la cual present\u00f3 un hundimiento considerable. En su lugar, se instal\u00f3 una nueva l\u00ednea de polipropileno de triple pared, un material de alta resistencia con una vida \u00fatil estimada de aproximadamente 70 a\u00f1os.<\/p>\n<p>La nueva tuber\u00eda de 48 pulgadas fue fabricada en Estados Unidos cumpliendo con las especificaciones t\u00e9cnicas requeridas. Su instalaci\u00f3n implic\u00f3 una excavaci\u00f3n a m\u00e1s de siete metros de profundidad y una longitud de 122 metros.<\/p>\n<p>El gerente de Alcantarillado y Saneamiento record\u00f3 que este tramo forma parte de una l\u00ednea de nueve kil\u00f3metros que ha sido atendida por etapas. Hasta la fecha, se han rehabilitado tres kil\u00f3metros mediante la sustituci\u00f3n de tuber\u00eda.<\/p>\n<p>\u201cSeguiremos inspeccionando esta l\u00ednea y actuaremos cuando sea necesario. Esta infraestructura ya es obsoleta y requiere renovaci\u00f3n total. Aunque no es posible sustituirla de una sola vez, lo hacemos por secciones seg\u00fan las condiciones y el nivel de riesgo para la seguridad de la ciudadan\u00eda\u201d, se\u00f1al\u00f3.<\/p>\n<p>Finalmente, agreg\u00f3 que en los pr\u00f3ximos d\u00edas se concluir\u00e1 la obra ubicada en Paseo del R\u00edo y Las Quintas, la cual presenta un avance del 97%. Con ello, se cumplir\u00e1 con el plazo de tres meses comprometido desde el inicio del proyecto por Agua de Hermosillo.<\/p>\n","protected":false},"excerpt":{"rendered":"<p>Hermosillo, Sonora, 25 de julio, 2025.- Es reabierto el tr\u00e1fico vehicular del bulevar Paseo R\u00edo Sonora, entre las avenidas Reforma y Solidaridad, tras concluir los trabajos realizados por personal de Agua de Hermosillo del colector principal donde se sustituy\u00f3 una l\u00ednea de conducci\u00f3n de 48 pulgadas. Miguel \u00c1ngel Santana, gerente de Alcantarillado y Saneamiento del [&hellip;]<\/p>\n","protected":false},"author":2,"featured_media":225121,"comment_status":"closed","ping_status":"closed","sticky":false,"template":"","format":"standard","meta":{"footnotes":""},"categories":[12870,178],"tags":[12865,12869],"class_list":["post-225120","post","type-post","status-publish","format-standard","has-post-thumbnail","hentry","category-destacadas","category-local","tag-destacadas","tag-local"],"jetpack_featured_media_url":"https:\/\/rnoticias.com.mx\/Portal\/wp-content\/uploads\/2025\/07\/02d8533b-fd05-4f9a-b1d7-7164aa9e8a7b-scaled.jpg","amp_enabled":true,"_links":{"self":[{"href":"https:\/\/rnoticias.com.mx\/Portal\/wp-json\/wp\/v2\/posts\/225120","targetHints":{"allow":["GET"]}}],"collection":[{"href":"https:\/\/rnoticias.com.mx\/Portal\/wp-json\/wp\/v2\/posts"}],"about":[{"href":"https:\/\/rnoticias.com.mx\/Portal\/wp-json\/wp\/v2\/types\/post"}],"author":[{"embeddable":true,"href":"https:\/\/rnoticias.com.mx\/Portal\/wp-json\/wp\/v2\/users\/2"}],"replies":[{"embeddable":true,"href":"https:\/\/rnoticias.com.mx\/Portal\/wp-json\/wp\/v2\/comments?post=225120"}],"version-history":[{"count":1,"href":"https:\/\/rnoticias.com.mx\/Portal\/wp-json\/wp\/v2\/posts\/225120\/revisions"}],"predecessor-version":[{"id":225122,"href":"https:\/\/rnoticias.com.mx\/Portal\/wp-json\/wp\/v2\/posts\/225120\/revisions\/225122"}],"wp:featuredmedia":[{"embeddable":true,"href":"https:\/\/rnoticias.com.mx\/Portal\/wp-json\/wp\/v2\/media\/225121"}],"wp:attachment":[{"href":"https:\/\/rnoticias.com.mx\/Portal\/wp-json\/wp\/v2\/media?parent=225120"}],"wp:term":[{"taxonomy":"category","embeddable":true,"href":"https:\/\/rnoticias.com.mx\/Portal\/wp-json\/wp\/v2\/categories?post=225120"},{"taxonomy":"post_tag","embeddable":true,"href":"https:\/\/rnoticias.com.mx\/Portal\/wp-json\/wp\/v2\/tags?post=225120"}],"curies":[{"name":"wp","href":"https:\/\/api.w.org\/{rel}","templated":true}]}}