{"id":225108,"date":"2025-07-25T14:10:28","date_gmt":"2025-07-25T21:10:28","guid":{"rendered":"https:\/\/rnoticias.com.mx\/Portal\/?p=225108"},"modified":"2025-07-25T14:10:28","modified_gmt":"2025-07-25T21:10:28","slug":"gimnasta-italiano-bonicelli-en-coma-inducido-tras-sufrir-una-grave-caida-en-la-universiada","status":"publish","type":"post","link":"https:\/\/rnoticias.com.mx\/Portal\/2025\/07\/25\/gimnasta-italiano-bonicelli-en-coma-inducido-tras-sufrir-una-grave-caida-en-la-universiada\/","title":{"rendered":"Gimnasta italiano Bonicelli en coma inducido tras sufrir una grave ca\u00edda en la Universiada"},"content":{"rendered":"<p><strong>El gimnasta italiano Lorenzo Bonicelli sufri\u00f3 una grave ca\u00edda durante su ejercicio de anillas en la Universiada<\/strong>\u00a0que se est\u00e1 celebrando en Essen (Alemania) y se encuentra en coma inducido, mientras<strong>\u00a0el resto del equipo se ha retirado de la competici\u00f3n por el &#8220;impacto emocional<\/strong>&#8221; sufrido tras el accidente.<\/p>\n<p>El joven de 23 a\u00f1os se cay\u00f3 sobre el cuello y qued\u00f3 inm\u00f3vil durante la tercera rotaci\u00f3n de la competici\u00f3n, el pasado mi\u00e9rcoles, cuando fue atendido por el equipo m\u00e9dico de la organizaci\u00f3n y por los m\u00e9dicos de la Federaci\u00f3n Internacional del Deporte Universitario (FISU), inform\u00f3 la Federaci\u00f3n Italiana de Gimnasia (FIG).<\/p>\n<p>Trasladado al cercano Hospital Universitario, fue sometido a una operaci\u00f3n en el cuello y ahora sus compa\u00f1eros se encuentran a la espera de que el centro m\u00e9dico informe sobre su estado, a\u00f1adi\u00f3 en un comunicado.<\/p>\n<p>Aunque la FIG no ha confirmado a\u00fan el alcance de la lesi\u00f3n, el exdirector de la Federaci\u00f3n Internacional y juez de la competici\u00f3n en la Universiada Steve Butcher ha asegurado en sus redes sociales que &#8220;<strong>Lorenzo se encuentra en coma inducido tras una operaci\u00f3n&#8221; y &#8220;se necesitar\u00e1n al menos diez d\u00edas para conocer su estado<\/strong>&#8220;, seg\u00fan los medios italianos.<\/p>\n<p>El personal t\u00e9cnico, &#8220;<strong>dado el comprensible impacto emocional que el incidente tuvo en el resto del equipo, decidi\u00f3 retirarlo de la competici\u00f3n&#8221;<\/strong>, explic\u00f3 la Federaci\u00f3n italiana.<\/p>\n<p>Y concluye: &#8220;A la espera de los partes m\u00e9dicos oficiales, la FGI en su conjunto expresa su cercan\u00eda y apoyo a Lorenzo y le desea una pronta recuperaci\u00f3n. \u00a1Forza Bonni!<\/p>\n<p>Lorenzo Bonicelli, apodado\u00a0<strong>&#8216;Bonni&#8217;, est\u00e1 considerado uno de los talentos m\u00e1s prometedores de la gimnasia art\u00edstica italiana para los Juegos Ol\u00edmpicos de Los \u00c1ngeles 2028.<\/strong><\/p>\n<p>&nbsp;<\/p>\n<p>&nbsp;<\/p>\n<p>Fuente: EFE<\/p>\n","protected":false},"excerpt":{"rendered":"<p>El gimnasta italiano Lorenzo Bonicelli sufri\u00f3 una grave ca\u00edda durante su ejercicio de anillas en la Universiada\u00a0que se est\u00e1 celebrando en Essen (Alemania) y se encuentra en coma inducido, mientras\u00a0el resto del equipo se ha retirado de la competici\u00f3n por el &#8220;impacto emocional&#8221; sufrido tras el accidente. El joven de 23 a\u00f1os se cay\u00f3 sobre [&hellip;]<\/p>\n","protected":false},"author":2,"featured_media":225109,"comment_status":"closed","ping_status":"closed","sticky":false,"template":"","format":"standard","meta":{"footnotes":""},"categories":[188,12870],"tags":[5231,12865],"class_list":["post-225108","post","type-post","status-publish","format-standard","has-post-thumbnail","hentry","category-deportes","category-destacadas","tag-deportes","tag-destacadas"],"jetpack_featured_media_url":"https:\/\/rnoticias.com.mx\/Portal\/wp-content\/uploads\/2025\/07\/688393e645142.r_d.348-126-24845.jpeg","amp_enabled":true,"_links":{"self":[{"href":"https:\/\/rnoticias.com.mx\/Portal\/wp-json\/wp\/v2\/posts\/225108","targetHints":{"allow":["GET"]}}],"collection":[{"href":"https:\/\/rnoticias.com.mx\/Portal\/wp-json\/wp\/v2\/posts"}],"about":[{"href":"https:\/\/rnoticias.com.mx\/Portal\/wp-json\/wp\/v2\/types\/post"}],"author":[{"embeddable":true,"href":"https:\/\/rnoticias.com.mx\/Portal\/wp-json\/wp\/v2\/users\/2"}],"replies":[{"embeddable":true,"href":"https:\/\/rnoticias.com.mx\/Portal\/wp-json\/wp\/v2\/comments?post=225108"}],"version-history":[{"count":1,"href":"https:\/\/rnoticias.com.mx\/Portal\/wp-json\/wp\/v2\/posts\/225108\/revisions"}],"predecessor-version":[{"id":225110,"href":"https:\/\/rnoticias.com.mx\/Portal\/wp-json\/wp\/v2\/posts\/225108\/revisions\/225110"}],"wp:featuredmedia":[{"embeddable":true,"href":"https:\/\/rnoticias.com.mx\/Portal\/wp-json\/wp\/v2\/media\/225109"}],"wp:attachment":[{"href":"https:\/\/rnoticias.com.mx\/Portal\/wp-json\/wp\/v2\/media?parent=225108"}],"wp:term":[{"taxonomy":"category","embeddable":true,"href":"https:\/\/rnoticias.com.mx\/Portal\/wp-json\/wp\/v2\/categories?post=225108"},{"taxonomy":"post_tag","embeddable":true,"href":"https:\/\/rnoticias.com.mx\/Portal\/wp-json\/wp\/v2\/tags?post=225108"}],"curies":[{"name":"wp","href":"https:\/\/api.w.org\/{rel}","templated":true}]}}