{"id":225105,"date":"2025-07-25T14:08:52","date_gmt":"2025-07-25T21:08:52","guid":{"rendered":"https:\/\/rnoticias.com.mx\/Portal\/?p=225105"},"modified":"2025-07-25T14:08:52","modified_gmt":"2025-07-25T21:08:52","slug":"impulsan-convivencia-intergeneracional-para-revitalizar-lenguas-indigenas-en-sonora","status":"publish","type":"post","link":"https:\/\/rnoticias.com.mx\/Portal\/2025\/07\/25\/impulsan-convivencia-intergeneracional-para-revitalizar-lenguas-indigenas-en-sonora\/","title":{"rendered":"Impulsan convivencia intergeneracional para revitalizar lenguas ind\u00edgenas en Sonora"},"content":{"rendered":"<p>Hermosillo, Sonora. Con el prop\u00f3sito de evitar la desaparici\u00f3n de lenguas originarias en Sonora, la Comisi\u00f3n Estatal para el Desarrollo de los Pueblos y Comunidades Ind\u00edgenas (Cedis) implementa una estrategia que fomenta el di\u00e1logo entre generaciones dentro de las comunidades ind\u00edgenas.<\/p>\n<p>&nbsp;<\/p>\n<p>Mart\u00edn V\u00e9lez de la Rocha, titular de la dependencia, expuso que el programa que lleva por nombre \u201cEnjambre de Lenguas\u201d, busca crear espacios de convivencia entre abuelos y nietos, donde la lengua yaqui y mayo se transmita de forma natural como parte de las actividades cotidianas y familiares.<\/p>\n<p>&nbsp;<\/p>\n<p>\u201cMuchas personas adultas mayores a\u00fan dominan estos idiomas, mientras que en generaciones m\u00e1s j\u00f3venes su uso ha disminuido considerablemente. Por eso la idea es fortalecer el v\u00ednculo familiar a trav\u00e9s del idioma e incluso hemos visto que el conocimiento de la lengua se va perdiendo con cada generaci\u00f3n, y este modelo busca revertir esa tendencia\u201d, asever\u00f3.<\/p>\n<p>&nbsp;<\/p>\n<p>Reconoci\u00f3, que adem\u00e1s del yaqui y mayo, otras lenguas como el p\u00e1pago, kikap\u00fa y cucap\u00e1 enfrentan un grave riesgo de desaparici\u00f3n por el reducido n\u00famero de hablantes.<\/p>\n<p>&nbsp;<\/p>\n<p>Por \u00faltimo, declar\u00f3 como seg\u00fan datos de la Comisi\u00f3n, en Sonora hay aproximadamente 40 mil personas yaquis, de las cuales 18 mil a\u00fan se comunican en su lengua materna.<\/p>\n<p>&nbsp;<\/p>\n<p>\u201cEn el caso de la poblaci\u00f3n mayo, se estima que solo 17 mil de los 140 mil integrantes conservan el idioma\u201d, culmin\u00f3.<\/p>\n","protected":false},"excerpt":{"rendered":"<p>Hermosillo, Sonora. Con el prop\u00f3sito de evitar la desaparici\u00f3n de lenguas originarias en Sonora, la Comisi\u00f3n Estatal para el Desarrollo de los Pueblos y Comunidades Ind\u00edgenas (Cedis) implementa una estrategia que fomenta el di\u00e1logo entre generaciones dentro de las comunidades ind\u00edgenas. &nbsp; Mart\u00edn V\u00e9lez de la Rocha, titular de la dependencia, expuso que el programa [&hellip;]<\/p>\n","protected":false},"author":2,"featured_media":225106,"comment_status":"closed","ping_status":"closed","sticky":false,"template":"","format":"standard","meta":{"footnotes":""},"categories":[12870,178],"tags":[12865,12869],"class_list":["post-225105","post","type-post","status-publish","format-standard","has-post-thumbnail","hentry","category-destacadas","category-local","tag-destacadas","tag-local"],"jetpack_featured_media_url":"https:\/\/rnoticias.com.mx\/Portal\/wp-content\/uploads\/2025\/07\/seris-sonora-burgos.jpg","amp_enabled":true,"_links":{"self":[{"href":"https:\/\/rnoticias.com.mx\/Portal\/wp-json\/wp\/v2\/posts\/225105","targetHints":{"allow":["GET"]}}],"collection":[{"href":"https:\/\/rnoticias.com.mx\/Portal\/wp-json\/wp\/v2\/posts"}],"about":[{"href":"https:\/\/rnoticias.com.mx\/Portal\/wp-json\/wp\/v2\/types\/post"}],"author":[{"embeddable":true,"href":"https:\/\/rnoticias.com.mx\/Portal\/wp-json\/wp\/v2\/users\/2"}],"replies":[{"embeddable":true,"href":"https:\/\/rnoticias.com.mx\/Portal\/wp-json\/wp\/v2\/comments?post=225105"}],"version-history":[{"count":1,"href":"https:\/\/rnoticias.com.mx\/Portal\/wp-json\/wp\/v2\/posts\/225105\/revisions"}],"predecessor-version":[{"id":225107,"href":"https:\/\/rnoticias.com.mx\/Portal\/wp-json\/wp\/v2\/posts\/225105\/revisions\/225107"}],"wp:featuredmedia":[{"embeddable":true,"href":"https:\/\/rnoticias.com.mx\/Portal\/wp-json\/wp\/v2\/media\/225106"}],"wp:attachment":[{"href":"https:\/\/rnoticias.com.mx\/Portal\/wp-json\/wp\/v2\/media?parent=225105"}],"wp:term":[{"taxonomy":"category","embeddable":true,"href":"https:\/\/rnoticias.com.mx\/Portal\/wp-json\/wp\/v2\/categories?post=225105"},{"taxonomy":"post_tag","embeddable":true,"href":"https:\/\/rnoticias.com.mx\/Portal\/wp-json\/wp\/v2\/tags?post=225105"}],"curies":[{"name":"wp","href":"https:\/\/api.w.org\/{rel}","templated":true}]}}