{"id":225077,"date":"2025-07-24T19:17:43","date_gmt":"2025-07-25T02:17:43","guid":{"rendered":"https:\/\/rnoticias.com.mx\/Portal\/?p=225077"},"modified":"2025-07-24T19:17:43","modified_gmt":"2025-07-25T02:17:43","slug":"alertan-hambruna-masiva-en-la-franja-de-gaza-por-conflicto-con-israel","status":"publish","type":"post","link":"https:\/\/rnoticias.com.mx\/Portal\/2025\/07\/24\/alertan-hambruna-masiva-en-la-franja-de-gaza-por-conflicto-con-israel\/","title":{"rendered":"Alertan \u2018hambruna masiva&#8217; en la franja de Gaza por conflicto con Israel"},"content":{"rendered":"<p>M\u00e1s de 100 organizaciones de ayuda humanitaria han advertido que una\u00a0<strong>hambruna masiva<\/strong>\u00a0se extiende por la\u00a0<strong>franja de Gaza<\/strong>, donde sus propios trabajadores sufren la escasez que afecta a todo el enclave de Palestina.<\/p>\n<p>Los ataques de\u00a0<strong>Israel<\/strong>\u00a0en las \u00faltimas 24 horas, han provocado la muerte de 113 palestinos, 25 de ellos mientras buscaban comida. En tanto, el\u00a0<strong>Programa Mundial de Alimentos<\/strong>\u00a0(PMA) asegur\u00f3 que la crisis del hambre en Gaza alcanz\u00f3 niveles asombrosos de desesperaci\u00f3n, mientras que el director de la\u00a0<strong>Organizaci\u00f3n Mundial de la Salud<\/strong>\u00a0(OMS), Tedros Adhanom Ghebreyesus, se\u00f1al\u00f3 que se trata de una hambruna causada.<\/p>\n<p>M\u00e9dicos Sin Fronteras, Save the Children, Mercy Corps y 100\u00a0<strong>organizaciones no gubernamentales<\/strong>\u00a0(ONG) m\u00e1s denunciaron que sus colegas se consumen al igual que los palestinos para los que trabajan en el enclave costero, mismo en el que casi una de cada tres personas no come durante d\u00edas, seg\u00fan el PMA.<\/p>\n<p>De igual forma, la OMS revel\u00f3 que 10 por ciento de la poblaci\u00f3n gazat\u00ed sufre\u00a0<strong>desnutrici\u00f3n aguda<\/strong>, y de ese porcentaje se encuentra 20 por ciento de las mujeres embarazadas y lactantes.<\/p>\n<p>&nbsp;<\/p>\n<p>Fuente: La Jornada<\/p>\n","protected":false},"excerpt":{"rendered":"<p>M\u00e1s de 100 organizaciones de ayuda humanitaria han advertido que una\u00a0hambruna masiva\u00a0se extiende por la\u00a0franja de Gaza, donde sus propios trabajadores sufren la escasez que afecta a todo el enclave de Palestina. Los ataques de\u00a0Israel\u00a0en las \u00faltimas 24 horas, han provocado la muerte de 113 palestinos, 25 de ellos mientras buscaban comida. En tanto, el\u00a0Programa [&hellip;]<\/p>\n","protected":false},"author":2,"featured_media":225078,"comment_status":"closed","ping_status":"closed","sticky":false,"template":"","format":"standard","meta":{"footnotes":""},"categories":[12870,182],"tags":[12865,12871],"class_list":["post-225077","post","type-post","status-publish","format-standard","has-post-thumbnail","hentry","category-destacadas","category-internacional","tag-destacadas","tag-internacional"],"jetpack_featured_media_url":"https:\/\/rnoticias.com.mx\/Portal\/wp-content\/uploads\/2025\/07\/image1170x530cropped.jpg","amp_enabled":true,"_links":{"self":[{"href":"https:\/\/rnoticias.com.mx\/Portal\/wp-json\/wp\/v2\/posts\/225077","targetHints":{"allow":["GET"]}}],"collection":[{"href":"https:\/\/rnoticias.com.mx\/Portal\/wp-json\/wp\/v2\/posts"}],"about":[{"href":"https:\/\/rnoticias.com.mx\/Portal\/wp-json\/wp\/v2\/types\/post"}],"author":[{"embeddable":true,"href":"https:\/\/rnoticias.com.mx\/Portal\/wp-json\/wp\/v2\/users\/2"}],"replies":[{"embeddable":true,"href":"https:\/\/rnoticias.com.mx\/Portal\/wp-json\/wp\/v2\/comments?post=225077"}],"version-history":[{"count":1,"href":"https:\/\/rnoticias.com.mx\/Portal\/wp-json\/wp\/v2\/posts\/225077\/revisions"}],"predecessor-version":[{"id":225079,"href":"https:\/\/rnoticias.com.mx\/Portal\/wp-json\/wp\/v2\/posts\/225077\/revisions\/225079"}],"wp:featuredmedia":[{"embeddable":true,"href":"https:\/\/rnoticias.com.mx\/Portal\/wp-json\/wp\/v2\/media\/225078"}],"wp:attachment":[{"href":"https:\/\/rnoticias.com.mx\/Portal\/wp-json\/wp\/v2\/media?parent=225077"}],"wp:term":[{"taxonomy":"category","embeddable":true,"href":"https:\/\/rnoticias.com.mx\/Portal\/wp-json\/wp\/v2\/categories?post=225077"},{"taxonomy":"post_tag","embeddable":true,"href":"https:\/\/rnoticias.com.mx\/Portal\/wp-json\/wp\/v2\/tags?post=225077"}],"curies":[{"name":"wp","href":"https:\/\/api.w.org\/{rel}","templated":true}]}}