{"id":225071,"date":"2025-07-24T19:12:46","date_gmt":"2025-07-25T02:12:46","guid":{"rendered":"https:\/\/rnoticias.com.mx\/Portal\/?p=225071"},"modified":"2025-07-24T19:12:46","modified_gmt":"2025-07-25T02:12:46","slug":"astros-teme-ausencia-prolongada-de-isaac-paredes","status":"publish","type":"post","link":"https:\/\/rnoticias.com.mx\/Portal\/2025\/07\/24\/astros-teme-ausencia-prolongada-de-isaac-paredes\/","title":{"rendered":"Astros teme ausencia prolongada de Isaac Paredes"},"content":{"rendered":"<p>HOUSTON &#8211; La segunda parte de la temporada para\u00a0<a href=\"https:\/\/espndeportes.espn.com\/beisbol\/mlb\/jugador\/_\/id\/39706\/isaac-paredes\" data-player-guid=\"519a39a3-6af2-5f0a-91b9-06a5424ed036\">Isaac Paredes<\/a>\u00a0empez\u00f3 con una lesi\u00f3n. El tercera base de los\u00a0<a href=\"https:\/\/www.espn.com.mx\/beisbol\/mlb\/equipo\/_\/nombre\/hou\/houston-astros\" data-clubhouse-guid=\"00a3015f-09ec-1b03-52af-656f5e0a18d5\">Houston Astros<\/a>\u00a0sufri\u00f3 una lesi\u00f3n muscular en el tend\u00f3n de la corva el pasado s\u00e1bado ante los\u00a0<a href=\"https:\/\/www.espn.com.mx\/beisbol\/mlb\/equipo\/_\/nombre\/sea\/seattle-mariners\" data-clubhouse-guid=\"56d60582-088f-6848-5180-1fb04440cf87\">Seattle Mariners<\/a>. Tras los estudios correspondientes fue colocado en la lista de lesionados de 10 d\u00edas. Es baja por tiempo indefinido y ser\u00e1 una baja de gran peso para la ofensiva de los siderales.<\/p>\n<p>El manager\u00a0<b>Joe Espada<\/b>\u00a0calific\u00f3 la lesi\u00f3n como &#8220;muy seria&#8221; y, por ahora, se encuentran a la espera de nuevos estudios que permitan estimar el tiempo de recuperaci\u00f3n del pelotero mexicano. No obstante, la cantidad de juegos que se perder\u00e1 supone un duro golpe tanto para la ofensiva como para la defensiva de Houston, l\u00edder de su divisi\u00f3n.<\/p>\n<p>Isaac Paredes est\u00e1 en su primer a\u00f1o con los Houston Astros y ante la prolongada lesi\u00f3n que ha tenido\u00a0<a href=\"https:\/\/espndeportes.espn.com\/beisbol\/mlb\/jugador\/_\/id\/36018\/yordan-alvarez\" data-player-guid=\"930faba2-9f78-d51c-0cdf-48075a237656\">Yordan \u00c1lvarez<\/a>, &#8216;El de la H&#8217; hab\u00eda tomado el mando productivo en la ofensiva. Paredes pr\u00e1cticamente no se hab\u00eda perdido juegos en la temporada y era l\u00edder en casi todos los aspectos del ataque.<\/p>\n<p>Ingres\u00f3 a la lista de lesionados como l\u00edder en cuadrangulares (19), carreras impulsadas (50), bases por bolas (49) y empatado en extrabases con\u00a0<a href=\"https:\/\/espndeportes.espn.com\/beisbol\/mlb\/jugador\/_\/id\/31662\/jose-altuve\" data-player-guid=\"3e8ded2a-d813-324d-5925-28149ef72a30\">Jos\u00e9 Altuve<\/a>. Su ausencia representa una p\u00e9rdida considerable en el poder ofensivo de los Astros para esta segunda parte de la temporada.<\/p>\n<p>Han sido cinco juegos sin Isaac Paredes para los Astros y ha sido sustituido en dos encuentros por\u00a0<a href=\"https:\/\/espndeportes.espn.com\/beisbol\/mlb\/jugador\/_\/id\/4683352\/shay-whitcomb\" data-player-guid=\"4a38cbeb-0aff-3d0b-92ca-be2b6ccfb913\">Shay Whitcomb<\/a>\u00a0que apenas batea para .115 en 26 turnos al bat.\u00a0<a href=\"https:\/\/espndeportes.espn.com\/beisbol\/mlb\/jugador\/_\/id\/35304\/mauricio-dubon\" data-player-guid=\"910d490f-6e95-f907-3d2d-5fcb1bf50007\">Mauricio Dub\u00f3n<\/a>\u00a0como utility del equipo ha tomado este rol en tres partidos y seguramente ser\u00e1 la opci\u00f3n principal para jugar la tercera base en lo que regresa el mexicano.<\/p>\n<p>Adem\u00e1s, podr\u00eda darse la opci\u00f3n que los Houston Astros puedan buscar en esta \u00faltima semana de cambios a alguien para jugar tercera base en caso que la lesi\u00f3n de Isaac Paredes se prolongue por varias semanas.<\/p>\n","protected":false},"excerpt":{"rendered":"<p>HOUSTON &#8211; La segunda parte de la temporada para\u00a0Isaac Paredes\u00a0empez\u00f3 con una lesi\u00f3n. El tercera base de los\u00a0Houston Astros\u00a0sufri\u00f3 una lesi\u00f3n muscular en el tend\u00f3n de la corva el pasado s\u00e1bado ante los\u00a0Seattle Mariners. Tras los estudios correspondientes fue colocado en la lista de lesionados de 10 d\u00edas. Es baja por tiempo indefinido y ser\u00e1 [&hellip;]<\/p>\n","protected":false},"author":2,"featured_media":225072,"comment_status":"closed","ping_status":"closed","sticky":false,"template":"","format":"standard","meta":{"footnotes":""},"categories":[188,12870],"tags":[5231,12865],"class_list":["post-225071","post","type-post","status-publish","format-standard","has-post-thumbnail","hentry","category-deportes","category-destacadas","tag-deportes","tag-destacadas"],"jetpack_featured_media_url":"https:\/\/rnoticias.com.mx\/Portal\/wp-content\/uploads\/2025\/07\/isaac_paredes_-2-.png_673822677.webp","amp_enabled":true,"_links":{"self":[{"href":"https:\/\/rnoticias.com.mx\/Portal\/wp-json\/wp\/v2\/posts\/225071","targetHints":{"allow":["GET"]}}],"collection":[{"href":"https:\/\/rnoticias.com.mx\/Portal\/wp-json\/wp\/v2\/posts"}],"about":[{"href":"https:\/\/rnoticias.com.mx\/Portal\/wp-json\/wp\/v2\/types\/post"}],"author":[{"embeddable":true,"href":"https:\/\/rnoticias.com.mx\/Portal\/wp-json\/wp\/v2\/users\/2"}],"replies":[{"embeddable":true,"href":"https:\/\/rnoticias.com.mx\/Portal\/wp-json\/wp\/v2\/comments?post=225071"}],"version-history":[{"count":1,"href":"https:\/\/rnoticias.com.mx\/Portal\/wp-json\/wp\/v2\/posts\/225071\/revisions"}],"predecessor-version":[{"id":225073,"href":"https:\/\/rnoticias.com.mx\/Portal\/wp-json\/wp\/v2\/posts\/225071\/revisions\/225073"}],"wp:featuredmedia":[{"embeddable":true,"href":"https:\/\/rnoticias.com.mx\/Portal\/wp-json\/wp\/v2\/media\/225072"}],"wp:attachment":[{"href":"https:\/\/rnoticias.com.mx\/Portal\/wp-json\/wp\/v2\/media?parent=225071"}],"wp:term":[{"taxonomy":"category","embeddable":true,"href":"https:\/\/rnoticias.com.mx\/Portal\/wp-json\/wp\/v2\/categories?post=225071"},{"taxonomy":"post_tag","embeddable":true,"href":"https:\/\/rnoticias.com.mx\/Portal\/wp-json\/wp\/v2\/tags?post=225071"}],"curies":[{"name":"wp","href":"https:\/\/api.w.org\/{rel}","templated":true}]}}