{"id":225053,"date":"2025-07-24T15:10:57","date_gmt":"2025-07-24T22:10:57","guid":{"rendered":"https:\/\/rnoticias.com.mx\/Portal\/?p=225053"},"modified":"2025-07-24T15:10:57","modified_gmt":"2025-07-24T22:10:57","slug":"alejandra-guzman-pospone-su-gira-hasta-2026-por-recomendacion-medica","status":"publish","type":"post","link":"https:\/\/rnoticias.com.mx\/Portal\/2025\/07\/24\/alejandra-guzman-pospone-su-gira-hasta-2026-por-recomendacion-medica\/","title":{"rendered":"Alejandra Guzm\u00e1n pospone su gira hasta 2026 &#8216;por recomendaci\u00f3n m\u00e9dica&#8217;"},"content":{"rendered":"<p>Alejandra Guzm\u00e1n anunci\u00f3 que el resto de su gira &#8220;Brilla Tour&#8221; ser\u00e1 pospuesta \u201cpor recomendaciones medicas\u201d, debido a que, luego del \u00faltimo\u00a0<strong>concierto que ofreci\u00f3 en Monterrey, tuvo que ser operada.\u00a0<\/strong><\/p>\n<p>En un comunicado, la cantante revel\u00f3 que no podr\u00e1 volver a los escenarios hasta el pr\u00f3ximo a\u00f1o. &#8220;Por recomendaciones m\u00e9dicas y para priorizar mi salud, me he visto en la necesidad de reprogramar los conciertos agendados para 2025 al a\u00f1o 2026, debido a un intervenci\u00f3n quir\u00fargica que\u00a0<strong>me realic\u00e9 tras el show de Monterrey<\/strong>, el pasado viernes 18 de julio&#8221;, aclar\u00f3.<\/p>\n<p>Sin embargo, el p\u00fablico cree que esta<strong>\u00a0noticia tiene que ver con su reca\u00edda<\/strong>. Y es que el 15 de julio, varios medios publicaron que, aparentemente, Alejandra Guzm\u00e1n hab\u00eda vuelto a caer en su adicci\u00f3n por el alcohol, debido a que atravesaba un duro episodio de depresi\u00f3n por la muerte de su madre, Silvia Pinal. M\u00e1s tarde, la int\u00e9rprete de &#8220;Eternamente bella&#8221; desminti\u00f3 el trascendido en un video publicado. &#8220;\u00bfQu\u00e9 tal amigos?, los espero en Monterrey, no hagan caso de notas est\u00fapidas, reca\u00edda&#8230; su abuela&#8221;, expres\u00f3.<\/p>\n<p>Ahora, por asuntos de salud, se ver\u00e1 en la necesidad de posponer los shows que a\u00fan ten\u00eda por ofrecer las cuales ser\u00e1n reprogramas, aunque sin fechas determinadas. &#8220;Pero dijo \u00b4reca\u00edda su abuela&#8230;\u00b4&#8221;, &#8220;Fueron cirug\u00edas de alcohol&#8221; y &#8220;Ella misma se lo busca por las borracheras&#8221;, son algunas de las impresiones que escribieron en la publicaci\u00f3n de este jueves que ya\u00a0<strong>tiene omitido los comentarios.\u00a0<\/strong><\/p>\n<p>Fuente: Milenio<\/p>\n","protected":false},"excerpt":{"rendered":"<p>Alejandra Guzm\u00e1n anunci\u00f3 que el resto de su gira &#8220;Brilla Tour&#8221; ser\u00e1 pospuesta \u201cpor recomendaciones medicas\u201d, debido a que, luego del \u00faltimo\u00a0concierto que ofreci\u00f3 en Monterrey, tuvo que ser operada.\u00a0 En un comunicado, la cantante revel\u00f3 que no podr\u00e1 volver a los escenarios hasta el pr\u00f3ximo a\u00f1o. &#8220;Por recomendaciones m\u00e9dicas y para priorizar mi salud, [&hellip;]<\/p>\n","protected":false},"author":2,"featured_media":225054,"comment_status":"closed","ping_status":"closed","sticky":false,"template":"","format":"standard","meta":{"footnotes":""},"categories":[12870,219],"tags":[12865,12875],"class_list":["post-225053","post","type-post","status-publish","format-standard","has-post-thumbnail","hentry","category-destacadas","category-espectaculos","tag-destacadas","tag-espectaculos"],"jetpack_featured_media_url":"https:\/\/rnoticias.com.mx\/Portal\/wp-content\/uploads\/2025\/07\/Alejandra-Guzman-pospone-su-gira-Brilla-Tour-2025-por-motivos-de-salud.webp","amp_enabled":true,"_links":{"self":[{"href":"https:\/\/rnoticias.com.mx\/Portal\/wp-json\/wp\/v2\/posts\/225053","targetHints":{"allow":["GET"]}}],"collection":[{"href":"https:\/\/rnoticias.com.mx\/Portal\/wp-json\/wp\/v2\/posts"}],"about":[{"href":"https:\/\/rnoticias.com.mx\/Portal\/wp-json\/wp\/v2\/types\/post"}],"author":[{"embeddable":true,"href":"https:\/\/rnoticias.com.mx\/Portal\/wp-json\/wp\/v2\/users\/2"}],"replies":[{"embeddable":true,"href":"https:\/\/rnoticias.com.mx\/Portal\/wp-json\/wp\/v2\/comments?post=225053"}],"version-history":[{"count":1,"href":"https:\/\/rnoticias.com.mx\/Portal\/wp-json\/wp\/v2\/posts\/225053\/revisions"}],"predecessor-version":[{"id":225055,"href":"https:\/\/rnoticias.com.mx\/Portal\/wp-json\/wp\/v2\/posts\/225053\/revisions\/225055"}],"wp:featuredmedia":[{"embeddable":true,"href":"https:\/\/rnoticias.com.mx\/Portal\/wp-json\/wp\/v2\/media\/225054"}],"wp:attachment":[{"href":"https:\/\/rnoticias.com.mx\/Portal\/wp-json\/wp\/v2\/media?parent=225053"}],"wp:term":[{"taxonomy":"category","embeddable":true,"href":"https:\/\/rnoticias.com.mx\/Portal\/wp-json\/wp\/v2\/categories?post=225053"},{"taxonomy":"post_tag","embeddable":true,"href":"https:\/\/rnoticias.com.mx\/Portal\/wp-json\/wp\/v2\/tags?post=225053"}],"curies":[{"name":"wp","href":"https:\/\/api.w.org\/{rel}","templated":true}]}}