{"id":225038,"date":"2025-07-24T11:44:14","date_gmt":"2025-07-24T18:44:14","guid":{"rendered":"https:\/\/rnoticias.com.mx\/Portal\/?p=225038"},"modified":"2025-07-24T11:44:14","modified_gmt":"2025-07-24T18:44:14","slug":"tribunal-rechaza-intento-de-trump-de-eliminar-la-ciudadania-por-nacimiento","status":"publish","type":"post","link":"https:\/\/rnoticias.com.mx\/Portal\/2025\/07\/24\/tribunal-rechaza-intento-de-trump-de-eliminar-la-ciudadania-por-nacimiento\/","title":{"rendered":"Tribunal rechaza intento de Trump de eliminar la ciudadan\u00eda por nacimiento"},"content":{"rendered":"<p>Un<strong>\u00a0tribunal de apelaciones fall\u00f3 este mi\u00e9rcoles en contra de la orden ejecutiva del presidente de Estados Unidos,\u00a0<\/strong>Donald Trump, que elimina el derecho a la ciudadan\u00eda por nacimiento en el pa\u00eds.<\/p>\n<p>La decisi\u00f3n que da respaldo un a fallo anterior, emitido por una corte en menor instancia, tacha la acci\u00f3n del presidente de\u00a0<strong>&#8220;inconstitucional&#8221;<\/strong>\u00a0y proh\u00edbe que se pueda implementar a nivel nacional.<\/p>\n<p>La demanda fue presentada por parte de cuatro estados con\u00a0<strong>gobiernos dem\u00f3cratas -Washington, Arizona, Illinois y Oregon- y supone la primera vez que un tribunal de apelaciones emite un fallo sobre este caso.<\/strong><\/p>\n<p><strong>&#8220;El tribunal de distrito concluy\u00f3 correctamente que la interpretaci\u00f3n propuesta en la Orden Ejecutiva, que niega la ciudadan\u00eda a muchas personas nacidas en los Estados Unidos, es inconstitucional. Estamos completamente de acuerdo&#8221;,\u00a0<\/strong>escribieron los jueces del tribunal, que se inclinaron 2-1 en contra de la orden ejecutiva.<\/p>\n<p>El fallo de hoy llega poco menos de un mes despu\u00e9s de que el\u00a0<strong>Supremo de EE.UU. publicara un fallo que limita el poder de los jueces federales para emitir medidas cautelares a nivel nacional.<\/strong><\/p>\n<p>La decisi\u00f3n permite excepciones para demandas colectivas y a los estados si una corte ve necesaria una medida cautelar a nivel nacional en sus demandas, como es el caso del fallo de hoy, emitido por el Circuito de Apelaciones del Noveno Distrito, en California.<\/p>\n<p>Las partes demandantes argumentan que, aunque se permita en sus estados reconocer la ciudadan\u00eda por nacimiento, que otras partes no lo hagan les supone\u00a0<strong>&#8220;da\u00f1os irreparables&#8221;.<\/strong><\/p>\n<p>A los estados\u00a0<strong>&#8220;se les negar\u00e1n los reembolsos federales por la atenci\u00f3n m\u00e9dica y los servicios sociales prestados a ni\u00f1os que ya no ser\u00edan considerados ciudadanos seg\u00fan la Orden Ejecutiva, y que incurrir\u00e1n en costos administrativos sustanciales asociados con el cumplimiento de dicha Orden&#8221;<\/strong>, detall\u00f3 el fallo.<\/p>\n<p>En su segundo d\u00eda en el poder, Trump firm\u00f3 una orden ejecutiva para eliminar el derecho a la ciudadan\u00eda por nacimiento a los hijos de indocumentados y de migrantes con visados temporales.\u00a0<strong>El decreto contradice la Enmienda 14 de la Constituci\u00f3n de 1868, que considera ciudadano a cualquiera que nazca en EE.UU.<\/strong><\/p>\n<p>&nbsp;<\/p>\n<p><strong> \u00a0<\/strong><\/p>\n<p>Fuente: EFE<\/p>\n","protected":false},"excerpt":{"rendered":"<p>Un\u00a0tribunal de apelaciones fall\u00f3 este mi\u00e9rcoles en contra de la orden ejecutiva del presidente de Estados Unidos,\u00a0Donald Trump, que elimina el derecho a la ciudadan\u00eda por nacimiento en el pa\u00eds. La decisi\u00f3n que da respaldo un a fallo anterior, emitido por una corte en menor instancia, tacha la acci\u00f3n del presidente de\u00a0&#8220;inconstitucional&#8221;\u00a0y proh\u00edbe que se [&hellip;]<\/p>\n","protected":false},"author":2,"featured_media":225039,"comment_status":"closed","ping_status":"closed","sticky":false,"template":"","format":"standard","meta":{"footnotes":""},"categories":[12870,182],"tags":[12865,12871],"class_list":["post-225038","post","type-post","status-publish","format-standard","has-post-thumbnail","hentry","category-destacadas","category-internacional","tag-destacadas","tag-internacional"],"jetpack_featured_media_url":"https:\/\/rnoticias.com.mx\/Portal\/wp-content\/uploads\/2025\/07\/fotonoticia_20250710175754_690.jpg","amp_enabled":true,"_links":{"self":[{"href":"https:\/\/rnoticias.com.mx\/Portal\/wp-json\/wp\/v2\/posts\/225038","targetHints":{"allow":["GET"]}}],"collection":[{"href":"https:\/\/rnoticias.com.mx\/Portal\/wp-json\/wp\/v2\/posts"}],"about":[{"href":"https:\/\/rnoticias.com.mx\/Portal\/wp-json\/wp\/v2\/types\/post"}],"author":[{"embeddable":true,"href":"https:\/\/rnoticias.com.mx\/Portal\/wp-json\/wp\/v2\/users\/2"}],"replies":[{"embeddable":true,"href":"https:\/\/rnoticias.com.mx\/Portal\/wp-json\/wp\/v2\/comments?post=225038"}],"version-history":[{"count":1,"href":"https:\/\/rnoticias.com.mx\/Portal\/wp-json\/wp\/v2\/posts\/225038\/revisions"}],"predecessor-version":[{"id":225040,"href":"https:\/\/rnoticias.com.mx\/Portal\/wp-json\/wp\/v2\/posts\/225038\/revisions\/225040"}],"wp:featuredmedia":[{"embeddable":true,"href":"https:\/\/rnoticias.com.mx\/Portal\/wp-json\/wp\/v2\/media\/225039"}],"wp:attachment":[{"href":"https:\/\/rnoticias.com.mx\/Portal\/wp-json\/wp\/v2\/media?parent=225038"}],"wp:term":[{"taxonomy":"category","embeddable":true,"href":"https:\/\/rnoticias.com.mx\/Portal\/wp-json\/wp\/v2\/categories?post=225038"},{"taxonomy":"post_tag","embeddable":true,"href":"https:\/\/rnoticias.com.mx\/Portal\/wp-json\/wp\/v2\/tags?post=225038"}],"curies":[{"name":"wp","href":"https:\/\/api.w.org\/{rel}","templated":true}]}}