{"id":225035,"date":"2025-07-24T10:30:21","date_gmt":"2025-07-24T17:30:21","guid":{"rendered":"https:\/\/rnoticias.com.mx\/Portal\/?p=225035"},"modified":"2025-07-24T10:30:21","modified_gmt":"2025-07-24T17:30:21","slug":"chicharito-hernandez-se-disculpa-tras-criticas-por-comentarios","status":"publish","type":"post","link":"https:\/\/rnoticias.com.mx\/Portal\/2025\/07\/24\/chicharito-hernandez-se-disculpa-tras-criticas-por-comentarios\/","title":{"rendered":"&#8216;Chicharito&#8217; Hern\u00e1ndez se disculpa tras cr\u00edticas por comentarios"},"content":{"rendered":"<p><span class=\"dropcap\">J<\/span><strong>avier \u201cChicharito\u201d Hern\u00e1ndez, el m\u00e1ximo goleador hist\u00f3rico de la Selecci\u00f3n Mexicana, encendi\u00f3 una intensa controversia en redes sociales<\/strong>\u00a0este fin de semana tras publicar un video en el que expres\u00f3\u00a0<strong>opiniones que muchos calificaron como \u201cmachistas\u201d y \u201cretr\u00f3gradas\u201d<\/strong>.<\/p>\n<p>Sus declaraciones, donde afirmaba que \u201clas mujeres est\u00e1n erradicando la masculinidad y haciendo a la sociedad hipersensible\u201d, generaron un alud de cr\u00edticas, reacciones institucionales y exigencias de una disculpa p\u00fablica.<\/p>\n<h3>REACCIONES ENCENDIDAS: LA PRESIDENTA HABLA<\/h3>\n<p>La pol\u00e9mica escal\u00f3 r\u00e1pidamente m\u00e1s all\u00e1 del \u00e1mbito deportivo.\u00a0<a class=\"link \" href=\"https:\/\/newsweekespanol.com\/2025\/07\/23\/claudia-sheinbaum-critica-postura-de-chicharito-sobre-el-hogar-y-el-feminismo-es-una-idea-muy-machista\/\" target=\"_blank\" rel=\"nofollow noopener\" data-ylk=\"slk:La presidenta de M\u00e9xico, Claudia Sheinbaum, fue una de las primeras figuras p\u00fablicas en pronunciarse sobre el tema.;elm:context_link;itc:0;sec:content-canvas\" data-rapid_p=\"9\" data-v9y=\"1\">La presidenta de M\u00e9xico,\u00a0<strong>Claudia Sheinbaum<\/strong>, fue una de las primeras figuras p\u00fablicas en pronunciarse sobre el tema.<\/a>\u00a0En conferencia matutina, la mandataria expres\u00f3:<\/p>\n<div class=\"caas-pull-quote-wrapper caas-img caas-lazy caas-loaded\" data-src=\"\" data-caas-lazy-loading-init=\"1\">\n<blockquote class=\"caas-blockquote\"><p>\u201cLas palabras de Javier Hern\u00e1ndez no representan el M\u00e9xico de hoy, ni el que queremos construir. Las mujeres han luchado durante d\u00e9cadas por la igualdad, y no vamos a permitir retrocesos disfrazados de opini\u00f3n personal.\u201d<\/p><\/blockquote>\n<\/div>\n<p>Sheinbaum tambi\u00e9n hizo un llamado a figuras p\u00fablicas a ejercer su influencia \u201ccon responsabilidad y respeto\u201d, y subray\u00f3 que \u201cla masculinidad no est\u00e1 en riesgo, lo que est\u00e1 cambiando es la forma en que nos relacionamos con justicia\u201d.<\/p>\n<p><strong>Organizaciones feministas como Balance, Cat\u00f3licas por el Derecho a Decidir y A\u00fana tambi\u00e9n condenaron las palabras del futbolista y exigieron una retractaci\u00f3n.<\/strong><\/p>\n<h3>LA DISCULPA P\u00daBLICA DE CHICHARITO<\/h3>\n<p>Ante la presi\u00f3n medi\u00e1tica y el rechazo generalizado,\u00a0<strong>Hern\u00e1ndez public\u00f3 una historia en su cuenta oficial de Instagram en la que ofreci\u00f3 una disculpa y expres\u00f3 su disposici\u00f3n a aprender de lo ocurrido.<\/strong>\u00a0A continuaci\u00f3n, el texto \u00edntegro de su declaraci\u00f3n:<\/p>\n<div class=\"caas-pull-quote-wrapper caas-img caas-lazy caas-loaded\" data-src=\"\" data-caas-lazy-loading-init=\"1\">\n<blockquote class=\"caas-blockquote\"><p>\u201cAgradezco de coraz\u00f3n a todos los que me han apoyado, a quienes con respeto, me han compartido sus perspectivas y me exigen ser una mejor persona. Lamento profundamente cualquier confusi\u00f3n o malestar que mis palabras recientes hayan causado; nunca fue mi intenci\u00f3n limitar, herir ni dividir.<\/p>\n<p>Como padre, hombre y miembro de esta comunidad, mi prioridad es actuar con respeto, humildad y responsabilidad. Estoy escuchando, reflexionando y comprometido a expresarme con una mejor claridad y sensibilidad, especialmente en temas tan delicados.<\/p>\n<p>Creo que el cambio empieza por uno mismo. Aprovechar\u00e9 esta oportunidad para entender, crecer y seguir trabajando para ser una mejor versi\u00f3n de m\u00ed mismo, desde la honestidad, el amor por mi familia, mis valores y el amor por todos ustedes.<\/p>\n<p>Gracias por su comprensi\u00f3n, exigencia, amor y compa\u00f1\u00eda en este camino.<\/p>\n<p>\u2013 Javier Hern\u00e1ndez, Ch14\u2033<\/p><\/blockquote>\n<\/div>\n<h3>ENTRE LA REDENCI\u00d3N Y EL DEBATE<\/h3>\n<p>Aunque algunos usuarios han recibido con apertura su disculpa, otros consideran que no es suficiente y han pedido a patrocinadores y clubes que tomen una postura m\u00e1s firme.\u00a0<strong>Por ahora, el LA Galaxy, equipo en el que milita el delantero mexicano, no ha emitido una declaraci\u00f3n oficial.<\/strong><\/p>\n<p>El caso de Chicharito abre una conversaci\u00f3n m\u00e1s amplia sobre\u00a0<strong>el papel de los deportistas<\/strong>\u00a0como figuras de influencia y sobre c\u00f3mo\u00a0<strong>los discursos p\u00fablicos pueden reforzar o debilitar los avances sociales en equidad de g\u00e9nero.<\/strong><\/p>\n<p>En un pa\u00eds donde la violencia de g\u00e9nero y los estereotipos siguen siendo desaf\u00edos persistentes, las palabras importan \u2014y m\u00e1s a\u00fan cuando provienen de quienes tienen millones de seguidores.<\/p>\n<p>&nbsp;<\/p>\n","protected":false},"excerpt":{"rendered":"<p>Javier \u201cChicharito\u201d Hern\u00e1ndez, el m\u00e1ximo goleador hist\u00f3rico de la Selecci\u00f3n Mexicana, encendi\u00f3 una intensa controversia en redes sociales\u00a0este fin de semana tras publicar un video en el que expres\u00f3\u00a0opiniones que muchos calificaron como \u201cmachistas\u201d y \u201cretr\u00f3gradas\u201d. Sus declaraciones, donde afirmaba que \u201clas mujeres est\u00e1n erradicando la masculinidad y haciendo a la sociedad hipersensible\u201d, generaron un [&hellip;]<\/p>\n","protected":false},"author":2,"featured_media":225036,"comment_status":"closed","ping_status":"closed","sticky":false,"template":"","format":"standard","meta":{"footnotes":""},"categories":[188,12870],"tags":[5231,12865],"class_list":["post-225035","post","type-post","status-publish","format-standard","has-post-thumbnail","hentry","category-deportes","category-destacadas","tag-deportes","tag-destacadas"],"jetpack_featured_media_url":"https:\/\/rnoticias.com.mx\/Portal\/wp-content\/uploads\/2025\/07\/chicharito-hernandez-ofrece-disculpas-y-se-enfoca-en-play-in.webp","amp_enabled":true,"_links":{"self":[{"href":"https:\/\/rnoticias.com.mx\/Portal\/wp-json\/wp\/v2\/posts\/225035","targetHints":{"allow":["GET"]}}],"collection":[{"href":"https:\/\/rnoticias.com.mx\/Portal\/wp-json\/wp\/v2\/posts"}],"about":[{"href":"https:\/\/rnoticias.com.mx\/Portal\/wp-json\/wp\/v2\/types\/post"}],"author":[{"embeddable":true,"href":"https:\/\/rnoticias.com.mx\/Portal\/wp-json\/wp\/v2\/users\/2"}],"replies":[{"embeddable":true,"href":"https:\/\/rnoticias.com.mx\/Portal\/wp-json\/wp\/v2\/comments?post=225035"}],"version-history":[{"count":1,"href":"https:\/\/rnoticias.com.mx\/Portal\/wp-json\/wp\/v2\/posts\/225035\/revisions"}],"predecessor-version":[{"id":225037,"href":"https:\/\/rnoticias.com.mx\/Portal\/wp-json\/wp\/v2\/posts\/225035\/revisions\/225037"}],"wp:featuredmedia":[{"embeddable":true,"href":"https:\/\/rnoticias.com.mx\/Portal\/wp-json\/wp\/v2\/media\/225036"}],"wp:attachment":[{"href":"https:\/\/rnoticias.com.mx\/Portal\/wp-json\/wp\/v2\/media?parent=225035"}],"wp:term":[{"taxonomy":"category","embeddable":true,"href":"https:\/\/rnoticias.com.mx\/Portal\/wp-json\/wp\/v2\/categories?post=225035"},{"taxonomy":"post_tag","embeddable":true,"href":"https:\/\/rnoticias.com.mx\/Portal\/wp-json\/wp\/v2\/tags?post=225035"}],"curies":[{"name":"wp","href":"https:\/\/api.w.org\/{rel}","templated":true}]}}