{"id":225032,"date":"2025-07-24T10:10:02","date_gmt":"2025-07-24T17:10:02","guid":{"rendered":"https:\/\/rnoticias.com.mx\/Portal\/?p=225032"},"modified":"2025-07-24T10:10:02","modified_gmt":"2025-07-24T17:10:02","slug":"curp-biometrica-ni-sera-obligatoria-ni-habra-multas-confirma-sheinbaum","status":"publish","type":"post","link":"https:\/\/rnoticias.com.mx\/Portal\/2025\/07\/24\/curp-biometrica-ni-sera-obligatoria-ni-habra-multas-confirma-sheinbaum\/","title":{"rendered":"CURP biom\u00e9trica: ni ser\u00e1 obligatoria ni habr\u00e1 multas, confirma Sheinbaum"},"content":{"rendered":"<p>La presidenta\u00a0<strong>Claudia Sheinbaum Pardo<\/strong>, asegur\u00f3 este jueves que el tr\u00e1mite de la\u00a0<strong>CURP biom\u00e9trica<\/strong>\u00a0no ser\u00e1 obligatoria.<\/p>\n<p>En su conferencia de prensa matutina, la mandataria resalt\u00f3 que este documento es importante \u201cporque ayuda en muchos temas, y particularmente en los temas relacionados con v\u00edctimas de alguna\u00a0<strong>violencia<\/strong>, y en muchos otros, en particular en el tema de los desaparecidos\u201d.<\/p>\n<p>Sin embargo, aclar\u00f3 que se est\u00e1 incentivando a que la poblaci\u00f3n tramite la CURP biom\u00e9trica y confirm\u00f3 que a partir de\u00a0<strong>octubre<\/strong>\u00a0iniciar\u00e1 el proceso para adquirirla.<\/p>\n<p>\u201cPueden tener la certeza de que est\u00e1 segura, que tiene todo los mecanismos de\u00a0<strong>ciberseguridad<\/strong>\u00a0necesarios y pueden tener la certeza de que no se va a hacer mal uso de ellas, sino sencillamente ayuda en distintos termas, y en particular si son v\u00edctimas de alg\u00fan delito, pues poder ayudar\u201d, dijo Sheinbaum.<\/p>\n<p>Cabe aclarar que la presidenta remarc\u00f3 que no hay una fecha l\u00edmite para tramitar la CURP biom\u00e9trica y por ende,<strong>\u00a0tampoco se impondr\u00e1n multas por no tramitarla<\/strong>. La sanci\u00f3n econ\u00f3mica de la que se habla en el decreto oficial es para las instancias de gobierno que, al t\u00e9rmino del plazo (40 d\u00edas desde su difusi\u00f3n), no cuenten con las herramientas adecuadas para el escaneo de huellas dactilares, ojos y firma electr\u00f3nica, por lo que se deber\u00e1 pagar un aproximado de 10 mil a 20 mil Unidades de Medida y Actualizaci\u00f3n (UMA), que equivalen a 1 mill\u00f3n 131 mil 400 pesos y hasta 2 millones 262 mil 800 pesos.<\/p>\n","protected":false},"excerpt":{"rendered":"<p>La presidenta\u00a0Claudia Sheinbaum Pardo, asegur\u00f3 este jueves que el tr\u00e1mite de la\u00a0CURP biom\u00e9trica\u00a0no ser\u00e1 obligatoria. En su conferencia de prensa matutina, la mandataria resalt\u00f3 que este documento es importante \u201cporque ayuda en muchos temas, y particularmente en los temas relacionados con v\u00edctimas de alguna\u00a0violencia, y en muchos otros, en particular en el tema de los [&hellip;]<\/p>\n","protected":false},"author":2,"featured_media":225033,"comment_status":"closed","ping_status":"closed","sticky":false,"template":"","format":"standard","meta":{"footnotes":""},"categories":[12870,172],"tags":[12865,12874],"class_list":["post-225032","post","type-post","status-publish","format-standard","has-post-thumbnail","hentry","category-destacadas","category-nacional","tag-destacadas","tag-nacional"],"jetpack_featured_media_url":"https:\/\/rnoticias.com.mx\/Portal\/wp-content\/uploads\/2025\/07\/curp_biometrica_multas_por_no_tenerla.webp","amp_enabled":true,"_links":{"self":[{"href":"https:\/\/rnoticias.com.mx\/Portal\/wp-json\/wp\/v2\/posts\/225032","targetHints":{"allow":["GET"]}}],"collection":[{"href":"https:\/\/rnoticias.com.mx\/Portal\/wp-json\/wp\/v2\/posts"}],"about":[{"href":"https:\/\/rnoticias.com.mx\/Portal\/wp-json\/wp\/v2\/types\/post"}],"author":[{"embeddable":true,"href":"https:\/\/rnoticias.com.mx\/Portal\/wp-json\/wp\/v2\/users\/2"}],"replies":[{"embeddable":true,"href":"https:\/\/rnoticias.com.mx\/Portal\/wp-json\/wp\/v2\/comments?post=225032"}],"version-history":[{"count":1,"href":"https:\/\/rnoticias.com.mx\/Portal\/wp-json\/wp\/v2\/posts\/225032\/revisions"}],"predecessor-version":[{"id":225034,"href":"https:\/\/rnoticias.com.mx\/Portal\/wp-json\/wp\/v2\/posts\/225032\/revisions\/225034"}],"wp:featuredmedia":[{"embeddable":true,"href":"https:\/\/rnoticias.com.mx\/Portal\/wp-json\/wp\/v2\/media\/225033"}],"wp:attachment":[{"href":"https:\/\/rnoticias.com.mx\/Portal\/wp-json\/wp\/v2\/media?parent=225032"}],"wp:term":[{"taxonomy":"category","embeddable":true,"href":"https:\/\/rnoticias.com.mx\/Portal\/wp-json\/wp\/v2\/categories?post=225032"},{"taxonomy":"post_tag","embeddable":true,"href":"https:\/\/rnoticias.com.mx\/Portal\/wp-json\/wp\/v2\/tags?post=225032"}],"curies":[{"name":"wp","href":"https:\/\/api.w.org\/{rel}","templated":true}]}}