{"id":225020,"date":"2025-07-24T09:57:31","date_gmt":"2025-07-24T16:57:31","guid":{"rendered":"https:\/\/rnoticias.com.mx\/Portal\/?p=225020"},"modified":"2025-07-24T09:57:31","modified_gmt":"2025-07-24T16:57:31","slug":"aprueba-la-junta-general-ejecutiva-del-ine-invitacion-al-primer-certamen-interno-de-ascenso-2025-para-la-ocupacion-de-plazas-del-spen","status":"publish","type":"post","link":"https:\/\/rnoticias.com.mx\/Portal\/2025\/07\/24\/aprueba-la-junta-general-ejecutiva-del-ine-invitacion-al-primer-certamen-interno-de-ascenso-2025-para-la-ocupacion-de-plazas-del-spen\/","title":{"rendered":"Aprueba la Junta General Ejecutiva del INE invitaci\u00f3n al Primer Certamen Interno de Ascenso 2025 para la ocupaci\u00f3n de plazas del SPEN"},"content":{"rendered":"<p class=\"x_MsoNormal\"><span data-olk-copy-source=\"MessageBody\">La Junta General Ejecutiva del Instituto Nacional Electoral (INE) emiti\u00f3 la Invitaci\u00f3n al Primer Certamen Interno de Ascenso 2025 para la ocupaci\u00f3n de plazas vacantes en cargos del Servicio Profesional Electoral Nacional (SPEN).<\/span><\/p>\n<p class=\"x_MsoNormal\">\n<p class=\"x_MsoNormal\">En este documento se establecen las reglas espec\u00edficas del procedimiento que se desarrollar\u00e1 en ocho etapas, los requisitos a cumplir por parte del personal del servicio, as\u00ed como las acciones afirmativas autorizadas para reducir la brecha de g\u00e9nero en la ocupaci\u00f3n de los cargos.<\/p>\n<p class=\"x_MsoNormal\">\n<p class=\"x_MsoNormal\">La invitaci\u00f3n estar\u00e1 dirigida a todo el personal del SPEN del sistema INE que cuente con titularidad, cumpla con los requisitos y el perfil establecidos en el Estatuto del Servicio Profesional Electoral Nacional y del Personal de la Rama Administrativa, los Lineamientos para el Ascenso y Certamen Interno del SPEN del sistema INE, reciba una invitaci\u00f3n personalizada por parte de la Direcci\u00f3n Ejecutiva del Servicio Profesional Electoral Nacional (DESPEN) y est\u00e9 interesado en participar en el Certamen Interno para la ocupaci\u00f3n de cargos vacantes de nivel superior al que ocupa en la estructura del Servicio.<\/p>\n<p class=\"x_MsoNormal\">\n<p class=\"x_MsoNormal\">Conforme a lo previsto por el art\u00edculo 17 de los Lineamientos, para acortar la brecha de g\u00e9nero existente en la ocupaci\u00f3n de cargos en el SPEN, la Invitaci\u00f3n de las siguientes plazas de cargos estar\u00e1 dirigida a la participaci\u00f3n exclusiva de mujeres:<\/p>\n<p class=\"x_MsoNormal\">\n<p class=\"x_MsoNormal\">i.\u00a0\u00a0\u00a0\u00a0\u00a0\u00a0\u00a0\u00a0\u00a0\u00a0\u00a0\u00a0\u00a0\u00a0\u00a0Vocal\u00eda del Registro Federal de Electores de Junta Local Ejecutiva.<\/p>\n<p class=\"x_MsoNormal\">ii.\u00a0\u00a0\u00a0\u00a0\u00a0\u00a0\u00a0\u00a0\u00a0\u00a0\u00a0\u00a0\u00a0\u00a0Vocal\u00eda Ejecutiva de Junta Distrital Ejecutiva.<\/p>\n<p class=\"x_MsoNormal\">iii.\u00a0\u00a0\u00a0\u00a0\u00a0\u00a0\u00a0\u00a0\u00a0\u00a0\u00a0\u00a0\u00a0Vocal\u00eda Secretarial de Junta Distrital Ejecutiva.<\/p>\n<p class=\"x_MsoNormal\">iv.\u00a0\u00a0\u00a0\u00a0\u00a0\u00a0\u00a0\u00a0\u00a0\u00a0\u00a0\u00a0Vocal\u00eda del Registro Federal de Electores de Junta Distrital Ejecutiva.<\/p>\n<p class=\"x_MsoNormal\">v.\u00a0\u00a0\u00a0\u00a0\u00a0\u00a0\u00a0\u00a0\u00a0\u00a0\u00a0\u00a0\u00a0\u00a0Subdirecci\u00f3n de Procedimientos Operativos y Capacitaci\u00f3n en la Direcci\u00f3n Ejecutiva del Registro Federal de Electores.<\/p>\n<p class=\"x_MsoNormal\">\n<p class=\"x_MsoNormal\">En los siguientes cargos podr\u00e1n participar mujeres y hombres:<\/p>\n<p class=\"x_MsoNormal\">\n<p class=\"x_MsoNormal\">i.\u00a0\u00a0\u00a0\u00a0\u00a0\u00a0\u00a0\u00a0\u00a0\u00a0\u00a0\u00a0\u00a0\u00a0\u00a0Vocal\u00eda de Capacitaci\u00f3n Electoral y Educaci\u00f3n C\u00edvica de Junta Local Ejecutiva.<\/p>\n<p class=\"x_MsoNormal\">ii.\u00a0\u00a0\u00a0\u00a0\u00a0\u00a0\u00a0\u00a0\u00a0\u00a0\u00a0\u00a0\u00a0\u00a0Vocal\u00eda de Capacitaci\u00f3n Electoral y Educaci\u00f3n C\u00edvica de Junta Distrital Ejecutiva.<\/p>\n<p class=\"x_MsoNormal\">iii.\u00a0\u00a0\u00a0\u00a0\u00a0\u00a0\u00a0\u00a0\u00a0\u00a0\u00a0\u00a0\u00a0Vocal\u00eda de Organizaci\u00f3n Electoral de Junta Distrital Ejecutiva.<\/p>\n<p class=\"x_MsoNormal\">\n<p class=\"x_MsoNormal\">La Invitaci\u00f3n al Primer Certamen Interno de Ascenso 2025 permitir\u00e1 llevar a cabo el registro, la selecci\u00f3n y la designaci\u00f3n de las personas aspirantes, a trav\u00e9s de las siguientes ocho etapas: emisi\u00f3n y difusi\u00f3n de la invitaci\u00f3n; registro e inscripci\u00f3n de personas aspirantes; verificaci\u00f3n del cumplimiento de requisitos; acreditaci\u00f3n de m\u00e9ritos; aplicaci\u00f3n del instrumento de evaluaci\u00f3n; entrevistas; valoraci\u00f3n y dictamen, y designaci\u00f3n de personas ganadoras.<\/p>\n<p class=\"x_MsoNormal\">\n<p class=\"x_MsoNormal\">Adem\u00e1s, deber\u00e1n suscribir el \u201cFormato 3 de 3 contra la Violencia\u201d, lo que permitir\u00e1 que las personas que asciendan en la estructura del Servicio muestren un desempe\u00f1o en el \u00e1mbito personal que sea congruente con los principios que rigen la materia electoral, tales como: paridad e igualdad de g\u00e9nero, cultura democr\u00e1tica, ambiente laboral libre de violencia y respeto a los derechos humanos.<\/p>\n<p class=\"x_MsoNormal\">\n<p class=\"x_MsoNormal\">La difusi\u00f3n de la invitaci\u00f3n se llevar\u00e1 a cabo el 29 y 30 de julio, mediante la p\u00e1gina IntraINE del Instituto, en el Bolet\u00edn electr\u00f3nico \u201cSPEN comunica\u201d y en el medio electr\u00f3nico institucional \u201cEnt\u00e9rate\u201d. El registro e inscripci\u00f3n ser\u00e1n el 30 y 31 de julio.<\/p>\n<p class=\"x_MsoNormal\">\n<p class=\"x_MsoNormal\">La DESPEN verificar\u00e1 el cumplimiento de requisitos el 4 de agosto. La acreditaci\u00f3n de m\u00e9ritos tendr\u00e1 una ponderaci\u00f3n del 30 por ciento en la calificaci\u00f3n final y se llevar\u00e1 a cabo el 5 de agosto.<\/p>\n<p class=\"x_MsoNormal\">\n<p class=\"x_MsoNormal\">El 7 de agosto se aplicar\u00e1 el instrumento de evaluaci\u00f3n cuya ponderaci\u00f3n ser\u00e1 del 30 por ciento. En esta etapa, las personas aspirantes deber\u00e1n demostrar los conocimientos y las habilidades necesarias para desempe\u00f1ar las funciones del cargo al que aspiran.<\/p>\n<p class=\"x_MsoNormal\">\n<p class=\"x_MsoNormal\">Las entrevistas que tendr\u00e1n una ponderaci\u00f3n del 40 por ciento se llevar\u00e1n a cabo del 13 al 18 de agosto.<\/p>\n<p class=\"x_MsoNormal\">\n<p class=\"x_MsoNormal\">Finalmente, la valoraci\u00f3n y dictamen ser\u00e1 del 19 al 22 de agosto y la designaci\u00f3n de personas ganadoras del 25 al 29 de agosto.<\/p>\n<p class=\"x_MsoNormal\">\n<p class=\"x_MsoNormal\">La DESPEN publicar\u00e1 en Intranet la informaci\u00f3n de cada etapa, as\u00ed como los listados de los resultados finales de las personas aspirantes que hayan obtenido calificaciones aprobatorias, ordenadas de mayor a menor calificaci\u00f3n, por cargo y, en los casos que corresponda, por sexo, con su nombre completo.<\/p>\n<p class=\"x_MsoNormal\">\n<p class=\"x_MsoNormal\">Ser\u00e1 el Consejo General el que apruebe las propuestas para designar como ganadoras a las personas aspirantes para ocupar plazas vacantes en el cargo de Vocal\u00eda Ejecutiva de Junta Distrital Electoral, mientras que la Junta General Ejecutiva aprobar\u00e1 las propuestas para designar como ganadoras a las y los aspirantes para ocupar plazas vacantes en cargos distintos al de Vocal\u00eda Ejecutiva.<\/p>\n<p class=\"x_MsoNormal\"><b>\u00a0<\/b><\/p>\n","protected":false},"excerpt":{"rendered":"<p>La Junta General Ejecutiva del Instituto Nacional Electoral (INE) emiti\u00f3 la Invitaci\u00f3n al Primer Certamen Interno de Ascenso 2025 para la ocupaci\u00f3n de plazas vacantes en cargos del Servicio Profesional Electoral Nacional (SPEN). En este documento se establecen las reglas espec\u00edficas del procedimiento que se desarrollar\u00e1 en ocho etapas, los requisitos a cumplir por parte [&hellip;]<\/p>\n","protected":false},"author":2,"featured_media":225021,"comment_status":"closed","ping_status":"closed","sticky":false,"template":"","format":"standard","meta":{"footnotes":""},"categories":[12870,12868],"tags":[12865,12879],"class_list":["post-225020","post","type-post","status-publish","format-standard","has-post-thumbnail","hentry","category-destacadas","category-politica","tag-destacadas","tag-politica"],"jetpack_featured_media_url":"https:\/\/rnoticias.com.mx\/Portal\/wp-content\/uploads\/2025\/07\/Sesion-extraordianria-del-consejo-general-del-INE-26-de-junio-de-2025.jpeg","amp_enabled":true,"_links":{"self":[{"href":"https:\/\/rnoticias.com.mx\/Portal\/wp-json\/wp\/v2\/posts\/225020","targetHints":{"allow":["GET"]}}],"collection":[{"href":"https:\/\/rnoticias.com.mx\/Portal\/wp-json\/wp\/v2\/posts"}],"about":[{"href":"https:\/\/rnoticias.com.mx\/Portal\/wp-json\/wp\/v2\/types\/post"}],"author":[{"embeddable":true,"href":"https:\/\/rnoticias.com.mx\/Portal\/wp-json\/wp\/v2\/users\/2"}],"replies":[{"embeddable":true,"href":"https:\/\/rnoticias.com.mx\/Portal\/wp-json\/wp\/v2\/comments?post=225020"}],"version-history":[{"count":1,"href":"https:\/\/rnoticias.com.mx\/Portal\/wp-json\/wp\/v2\/posts\/225020\/revisions"}],"predecessor-version":[{"id":225022,"href":"https:\/\/rnoticias.com.mx\/Portal\/wp-json\/wp\/v2\/posts\/225020\/revisions\/225022"}],"wp:featuredmedia":[{"embeddable":true,"href":"https:\/\/rnoticias.com.mx\/Portal\/wp-json\/wp\/v2\/media\/225021"}],"wp:attachment":[{"href":"https:\/\/rnoticias.com.mx\/Portal\/wp-json\/wp\/v2\/media?parent=225020"}],"wp:term":[{"taxonomy":"category","embeddable":true,"href":"https:\/\/rnoticias.com.mx\/Portal\/wp-json\/wp\/v2\/categories?post=225020"},{"taxonomy":"post_tag","embeddable":true,"href":"https:\/\/rnoticias.com.mx\/Portal\/wp-json\/wp\/v2\/tags?post=225020"}],"curies":[{"name":"wp","href":"https:\/\/api.w.org\/{rel}","templated":true}]}}