{"id":225008,"date":"2025-07-24T08:54:09","date_gmt":"2025-07-24T15:54:09","guid":{"rendered":"https:\/\/rnoticias.com.mx\/Portal\/?p=225008"},"modified":"2025-07-24T08:54:09","modified_gmt":"2025-07-24T15:54:09","slug":"reanudara-gobierno-de-sonora-recorridos-de-repuve-por-municipios-en-agosto","status":"publish","type":"post","link":"https:\/\/rnoticias.com.mx\/Portal\/2025\/07\/24\/reanudara-gobierno-de-sonora-recorridos-de-repuve-por-municipios-en-agosto\/","title":{"rendered":"Reanudar\u00e1 Gobierno de Sonora recorridos de Repuve por municipios en agosto"},"content":{"rendered":"<p>Hermosillo, Sonora; 24 de julio de 2025.- A partir del cuatro de agosto, el Gobierno de Sonora anunci\u00f3 que retomar\u00e1 el apoyo a la ciudadan\u00eda interesada en realizar el tr\u00e1mite de regularizaci\u00f3n de veh\u00edculos usados de procedencia extranjera, con la instalaci\u00f3n de la unidad m\u00f3vil en (municipio).<\/p>\n<p>El Registro P\u00fablico Vehicular (Repuve), dependiente de la Secretar\u00eda de Seguridad P\u00fablica (SSP), coadyuva con las y los sonorenses, acerc\u00e1ndose a sus localidades y facilitando el proceso que brinda certeza jur\u00eddica sobre la propiedad de sus veh\u00edculos.<\/p>\n<p>El m\u00f3dulo itinerante de Repuve, en lo que va del presente a\u00f1o, ha visitado los municipios de Hu\u00e1sabas, Nacozari de Garc\u00eda, Arizpe, Pesqueira, San Ignacio R\u00edo Muerto, B\u00e1cum, Etchojoa, Ures, San Luis R\u00edo Colorado, \u00c1lamos, Huatabampo, Moctezuma, Benjam\u00edn Hill, Magdalena, Santa Ana, Hermosillo, Empalme, Guaymas, Ciudad Obreg\u00f3n, Navojoa y Cananea.<\/p>\n<p>A la fecha, con el decreto emitido por el Gobierno de M\u00e9xico, en Sonora se han regularizado un total de 201 mil 871 veh\u00edculos usados de procedencia extranjera, y se trabaja de forma permanente para apoyar a la ciudadan\u00eda con este proceso.<\/p>\n","protected":false},"excerpt":{"rendered":"<p>Hermosillo, Sonora; 24 de julio de 2025.- A partir del cuatro de agosto, el Gobierno de Sonora anunci\u00f3 que retomar\u00e1 el apoyo a la ciudadan\u00eda interesada en realizar el tr\u00e1mite de regularizaci\u00f3n de veh\u00edculos usados de procedencia extranjera, con la instalaci\u00f3n de la unidad m\u00f3vil en (municipio). El Registro P\u00fablico Vehicular (Repuve), dependiente de la [&hellip;]<\/p>\n","protected":false},"author":2,"featured_media":225009,"comment_status":"closed","ping_status":"closed","sticky":false,"template":"","format":"standard","meta":{"footnotes":""},"categories":[12870,178],"tags":[12865,12869],"class_list":["post-225008","post","type-post","status-publish","format-standard","has-post-thumbnail","hentry","category-destacadas","category-local","tag-destacadas","tag-local"],"jetpack_featured_media_url":"https:\/\/rnoticias.com.mx\/Portal\/wp-content\/uploads\/2025\/07\/unnamed-76.jpg","amp_enabled":true,"_links":{"self":[{"href":"https:\/\/rnoticias.com.mx\/Portal\/wp-json\/wp\/v2\/posts\/225008","targetHints":{"allow":["GET"]}}],"collection":[{"href":"https:\/\/rnoticias.com.mx\/Portal\/wp-json\/wp\/v2\/posts"}],"about":[{"href":"https:\/\/rnoticias.com.mx\/Portal\/wp-json\/wp\/v2\/types\/post"}],"author":[{"embeddable":true,"href":"https:\/\/rnoticias.com.mx\/Portal\/wp-json\/wp\/v2\/users\/2"}],"replies":[{"embeddable":true,"href":"https:\/\/rnoticias.com.mx\/Portal\/wp-json\/wp\/v2\/comments?post=225008"}],"version-history":[{"count":1,"href":"https:\/\/rnoticias.com.mx\/Portal\/wp-json\/wp\/v2\/posts\/225008\/revisions"}],"predecessor-version":[{"id":225010,"href":"https:\/\/rnoticias.com.mx\/Portal\/wp-json\/wp\/v2\/posts\/225008\/revisions\/225010"}],"wp:featuredmedia":[{"embeddable":true,"href":"https:\/\/rnoticias.com.mx\/Portal\/wp-json\/wp\/v2\/media\/225009"}],"wp:attachment":[{"href":"https:\/\/rnoticias.com.mx\/Portal\/wp-json\/wp\/v2\/media?parent=225008"}],"wp:term":[{"taxonomy":"category","embeddable":true,"href":"https:\/\/rnoticias.com.mx\/Portal\/wp-json\/wp\/v2\/categories?post=225008"},{"taxonomy":"post_tag","embeddable":true,"href":"https:\/\/rnoticias.com.mx\/Portal\/wp-json\/wp\/v2\/tags?post=225008"}],"curies":[{"name":"wp","href":"https:\/\/api.w.org\/{rel}","templated":true}]}}