{"id":225005,"date":"2025-07-24T08:53:22","date_gmt":"2025-07-24T15:53:22","guid":{"rendered":"https:\/\/rnoticias.com.mx\/Portal\/?p=225005"},"modified":"2025-07-24T08:53:22","modified_gmt":"2025-07-24T15:53:22","slug":"inflacion-mete-freno-se-ubico-en-3-55-en-primera-quincena-de-julio","status":"publish","type":"post","link":"https:\/\/rnoticias.com.mx\/Portal\/2025\/07\/24\/inflacion-mete-freno-se-ubico-en-3-55-en-primera-quincena-de-julio\/","title":{"rendered":"Inflaci\u00f3n mete freno: se ubic\u00f3 en 3.55% en primera quincena de julio"},"content":{"rendered":"<p>En la\u00a0<strong>primera quincena de julio<\/strong>\u00a0de 2025, el \u00cdndice Nacional de Precios al Consumidor (INPC) registr\u00f3 una tendencia a la baja, ubic\u00e1ndose en\u00a0<strong>3.55 %<\/strong>, report\u00f3 este jueves el Instituto Nacional de Estad\u00edstica y Geograf\u00eda (INEGI).<\/p>\n<p>El \u00edndice de precios subyacente, que excluye bienes y servicios con precios m\u00e1s vol\u00e1tiles o que no responden a condiciones de mercado, increment\u00f3 0.15 % a tasa quincenal.<\/p>\n<p>A su interior, los precios de las mercanc\u00edas subieron 0.05 % y los de servicios, 0.24 por ciento.<\/p>\n<p>A tasa quincenal, el \u00edndice de precios no subyacente creci\u00f3 0.16 por ciento. Dentro de este, los precios de frutas y verduras ascendieron 0.25 % y los de energ\u00e9ticos y tarifas autorizadas por el gobierno, 0.12 %.<\/p>\n<p>Entre los productos y servicios que subieron de precio en la primera quincena de julio de 2025 est\u00e1n:<\/p>\n<p>&nbsp;<\/p>\n<ul>\n<li><strong>Huevo (aumento del 3.29%)<\/strong><\/li>\n<li>Transporte a\u00e9reo (aumento del 11.25%)<\/li>\n<li>Loncher\u00edas, fondas, torter\u00edas y taquer\u00edas (aumento del 0.30%)<\/li>\n<li>Vivienda propia (incremento del 0.11%)<\/li>\n<li><strong>Nopales (aumento del 14.44%)<\/strong><\/li>\n<li>Lechuga y col (incremento del 8.71%)<\/li>\n<li>Cebolla (incremento del 4.20%)<\/li>\n<li>Otras verduras y legumbres (incremento del 2.76%)<\/li>\n<\/ul>\n<p>&nbsp;<\/p>\n<p>Por otra parte, los productos que bajaron de precio en la primera quincena de julio de 2025 fueron:<\/p>\n<p>&nbsp;<\/p>\n<ul>\n<li>Pollo (menos 1.79%)<\/li>\n<li><strong>Uva (baj\u00f3 11.96%)<\/strong><\/li>\n<li>Pa\u00f1ales (se redujo 2%)<\/li>\n<li>Aguacate (disminuy\u00f3 3.21%)<\/li>\n<li>Jitomate (disminuy\u00f3 1.02%)<\/li>\n<li>Papaya (disminuy\u00f3 5.86%)<\/li>\n<li>Lim\u00f3n (baj\u00f3 5.73%)<\/li>\n<li>Detergentes (baj\u00f3 0.47%)<\/li>\n<li><strong>Tomate verde (baj\u00f3 3.34%)<\/strong><\/li>\n<li>Tequila (menos 1.29%)<\/li>\n<\/ul>\n<p>El INPC es una medida de cambio promedio en los precios de los productos que forman una canasta de bienes y servicios representativa del consumo de los hogares del pa\u00eds, a lo largo del tiempo.<\/p>\n<p>&nbsp;<\/p>\n<p>Fuente: Inegi<\/p>\n","protected":false},"excerpt":{"rendered":"<p>En la\u00a0primera quincena de julio\u00a0de 2025, el \u00cdndice Nacional de Precios al Consumidor (INPC) registr\u00f3 una tendencia a la baja, ubic\u00e1ndose en\u00a03.55 %, report\u00f3 este jueves el Instituto Nacional de Estad\u00edstica y Geograf\u00eda (INEGI). El \u00edndice de precios subyacente, que excluye bienes y servicios con precios m\u00e1s vol\u00e1tiles o que no responden a condiciones de [&hellip;]<\/p>\n","protected":false},"author":2,"featured_media":225006,"comment_status":"closed","ping_status":"closed","sticky":false,"template":"","format":"standard","meta":{"footnotes":""},"categories":[12870,172],"tags":[12865,12874],"class_list":["post-225005","post","type-post","status-publish","format-standard","has-post-thumbnail","hentry","category-destacadas","category-nacional","tag-destacadas","tag-nacional"],"jetpack_featured_media_url":"https:\/\/rnoticias.com.mx\/Portal\/wp-content\/uploads\/2025\/07\/descarga-3.webp","amp_enabled":true,"_links":{"self":[{"href":"https:\/\/rnoticias.com.mx\/Portal\/wp-json\/wp\/v2\/posts\/225005","targetHints":{"allow":["GET"]}}],"collection":[{"href":"https:\/\/rnoticias.com.mx\/Portal\/wp-json\/wp\/v2\/posts"}],"about":[{"href":"https:\/\/rnoticias.com.mx\/Portal\/wp-json\/wp\/v2\/types\/post"}],"author":[{"embeddable":true,"href":"https:\/\/rnoticias.com.mx\/Portal\/wp-json\/wp\/v2\/users\/2"}],"replies":[{"embeddable":true,"href":"https:\/\/rnoticias.com.mx\/Portal\/wp-json\/wp\/v2\/comments?post=225005"}],"version-history":[{"count":1,"href":"https:\/\/rnoticias.com.mx\/Portal\/wp-json\/wp\/v2\/posts\/225005\/revisions"}],"predecessor-version":[{"id":225007,"href":"https:\/\/rnoticias.com.mx\/Portal\/wp-json\/wp\/v2\/posts\/225005\/revisions\/225007"}],"wp:featuredmedia":[{"embeddable":true,"href":"https:\/\/rnoticias.com.mx\/Portal\/wp-json\/wp\/v2\/media\/225006"}],"wp:attachment":[{"href":"https:\/\/rnoticias.com.mx\/Portal\/wp-json\/wp\/v2\/media?parent=225005"}],"wp:term":[{"taxonomy":"category","embeddable":true,"href":"https:\/\/rnoticias.com.mx\/Portal\/wp-json\/wp\/v2\/categories?post=225005"},{"taxonomy":"post_tag","embeddable":true,"href":"https:\/\/rnoticias.com.mx\/Portal\/wp-json\/wp\/v2\/tags?post=225005"}],"curies":[{"name":"wp","href":"https:\/\/api.w.org\/{rel}","templated":true}]}}