{"id":225002,"date":"2025-07-24T08:51:39","date_gmt":"2025-07-24T15:51:39","guid":{"rendered":"https:\/\/rnoticias.com.mx\/Portal\/?p=225002"},"modified":"2025-07-24T08:51:39","modified_gmt":"2025-07-24T15:51:39","slug":"eugenio-derbez-reacciona-a-acusaciones-de-malos-tratos-a-sammy","status":"publish","type":"post","link":"https:\/\/rnoticias.com.mx\/Portal\/2025\/07\/24\/eugenio-derbez-reacciona-a-acusaciones-de-malos-tratos-a-sammy\/","title":{"rendered":"Eugenio Derbez reacciona a acusaciones de malos tratos a Sammy"},"content":{"rendered":"<p>Una acusaci\u00f3n hacia\u00a0<strong>Derbez<\/strong>\u00a0desat\u00f3 una ola de cr\u00edticas en su contra. El actor suele ignorar las pol\u00e9micas en las que se ve involucrado pero en esta ocasi\u00f3n se vio en la necesidad de responder a\u00a0<strong>medios de comunicaci\u00f3n<\/strong>\u00a0tras ser interceptado por ellos.<\/p>\n<p>Abraham Esqueda, conocido como &#8220;<strong>Furcio<\/strong>&#8221; fue quien destap\u00f3 los supuestos malos tratos de Derbez contra\u00a0<strong>Sammy<\/strong>, quien falleci\u00f3 en 2021 tras complicaciones derivadas del\u00a0<strong>covid-19<\/strong>.<\/p>\n<p>&#8220;Ya me conocen, no puedo dar nota de lo que no hay&#8230; Saben que soy tan buena persona que vienen a preguntar eso. De repente inventar una nota donde no hay siempre da de qu\u00e9 hablar, entonces no s\u00e9 si les paguen por likes o vitalizar una entrevista&#8221;, respondi\u00f3 el\u00a0<strong>actor mexicano<\/strong>.<\/p>\n<p>Eugenio destac\u00f3 que \u00e9l se hizo cargo de los gastos hospitalarios del actor cuando se encontraba delicado de salud y que todo lo que sucedi\u00f3 mientras estaba con vida puede ser confirmado por familiares de Sammy.<\/p>\n<p>&nbsp;<\/p>\n<p>Fuente: Milenio<\/p>\n","protected":false},"excerpt":{"rendered":"<p>Una acusaci\u00f3n hacia\u00a0Derbez\u00a0desat\u00f3 una ola de cr\u00edticas en su contra. El actor suele ignorar las pol\u00e9micas en las que se ve involucrado pero en esta ocasi\u00f3n se vio en la necesidad de responder a\u00a0medios de comunicaci\u00f3n\u00a0tras ser interceptado por ellos. Abraham Esqueda, conocido como &#8220;Furcio&#8221; fue quien destap\u00f3 los supuestos malos tratos de Derbez contra\u00a0Sammy, [&hellip;]<\/p>\n","protected":false},"author":2,"featured_media":225003,"comment_status":"closed","ping_status":"closed","sticky":false,"template":"","format":"standard","meta":{"footnotes":""},"categories":[12870,219],"tags":[12865,12875],"class_list":["post-225002","post","type-post","status-publish","format-standard","has-post-thumbnail","hentry","category-destacadas","category-espectaculos","tag-destacadas","tag-espectaculos"],"jetpack_featured_media_url":"https:\/\/rnoticias.com.mx\/Portal\/wp-content\/uploads\/2025\/07\/eugenioderbezysammyperez-754968023.jpg","amp_enabled":true,"_links":{"self":[{"href":"https:\/\/rnoticias.com.mx\/Portal\/wp-json\/wp\/v2\/posts\/225002","targetHints":{"allow":["GET"]}}],"collection":[{"href":"https:\/\/rnoticias.com.mx\/Portal\/wp-json\/wp\/v2\/posts"}],"about":[{"href":"https:\/\/rnoticias.com.mx\/Portal\/wp-json\/wp\/v2\/types\/post"}],"author":[{"embeddable":true,"href":"https:\/\/rnoticias.com.mx\/Portal\/wp-json\/wp\/v2\/users\/2"}],"replies":[{"embeddable":true,"href":"https:\/\/rnoticias.com.mx\/Portal\/wp-json\/wp\/v2\/comments?post=225002"}],"version-history":[{"count":1,"href":"https:\/\/rnoticias.com.mx\/Portal\/wp-json\/wp\/v2\/posts\/225002\/revisions"}],"predecessor-version":[{"id":225004,"href":"https:\/\/rnoticias.com.mx\/Portal\/wp-json\/wp\/v2\/posts\/225002\/revisions\/225004"}],"wp:featuredmedia":[{"embeddable":true,"href":"https:\/\/rnoticias.com.mx\/Portal\/wp-json\/wp\/v2\/media\/225003"}],"wp:attachment":[{"href":"https:\/\/rnoticias.com.mx\/Portal\/wp-json\/wp\/v2\/media?parent=225002"}],"wp:term":[{"taxonomy":"category","embeddable":true,"href":"https:\/\/rnoticias.com.mx\/Portal\/wp-json\/wp\/v2\/categories?post=225002"},{"taxonomy":"post_tag","embeddable":true,"href":"https:\/\/rnoticias.com.mx\/Portal\/wp-json\/wp\/v2\/tags?post=225002"}],"curies":[{"name":"wp","href":"https:\/\/api.w.org\/{rel}","templated":true}]}}