{"id":224999,"date":"2025-07-24T08:50:36","date_gmt":"2025-07-24T15:50:36","guid":{"rendered":"https:\/\/rnoticias.com.mx\/Portal\/?p=224999"},"modified":"2025-07-24T08:50:36","modified_gmt":"2025-07-24T15:50:36","slug":"bukis-reciben-una-estrella-en-hollywood-dedicada-a-la-comunidad-inmigrante-en-ee-uu","status":"publish","type":"post","link":"https:\/\/rnoticias.com.mx\/Portal\/2025\/07\/24\/bukis-reciben-una-estrella-en-hollywood-dedicada-a-la-comunidad-inmigrante-en-ee-uu\/","title":{"rendered":"Bukis reciben una estrella en Hollywood dedicada a la comunidad inmigrante en EE.UU."},"content":{"rendered":"<p>La banda regional mexicana Los Bukis recibi\u00f3 este mi\u00e9rcoles una estrella en el emblem\u00e1tico Paseo de la Fama de Los \u00c1ngeles que dedicaron a la comunidad inmigrante, la<strong>\u00a0&#8220;fuerza de servicio silenciosa&#8221; que &#8220;trabaja duro de sol a sol&#8221;\u00a0<\/strong>en Estados Unidos.<\/p>\n<p><strong>&#8220;Queremos dedicar esta estrella a todos los inmigrantes reunidos aqu\u00ed en este hermoso pa\u00eds, a todos los trabajadores que se esfuerzan todos los d\u00edas por servir&#8221;<\/strong>, dijo Marco Antonio Sol\u00eds, fundador del grupo, en la presentaci\u00f3n de su estrella, la n\u00famero 2.817 situada en pleno coraz\u00f3n de Hollywood.<\/p>\n<p><strong>&#8220;Nuestro coraz\u00f3n est\u00e1 con toda la gente que sufre de pronto de estas adversidades que estamos pasando. Confiamos plenamente en que esto tenga una soluci\u00f3n pronta y que Dios bendiga las mentes y el coraz\u00f3n de quienes tienen el destino<\/strong>&#8220;, agreg\u00f3.<\/p>\n<p>Ejerci\u00f3 como maestro de ceremonias el comediante Gabriel &#8220;Fluffy&#8221; Iglesias, quien compar\u00f3 el \u00e9xito de la banda regional mexicana con el de estrellas internacionales como Taylor Swift.<\/p>\n<p>Formada por Marco Antonio y Joel Sol\u00eds durante su infancia, Los Bukis, que significa\u00a0<strong>&#8220;ni\u00f1os&#8221;<\/strong>\u00a0en idioma yaqui, fueron contratados por la discogr\u00e1fica Discos Melody en 1973 y alcanzaron el \u00e9xito en 1976 con &#8216;Falso Amor&#8217;.<\/p>\n<p>Inicialmente como d\u00fao, evolucionaron hasta convertirse en una banda completa con la incorporaci\u00f3n de Marco Ibarra en la bater\u00eda, Arturo Mart\u00ednez en el bajo y Alfonso Bugarini en los teclados.<\/p>\n<p><strong>&#8220;Liderados por la composici\u00f3n y la distintiva voz de Marco Antonio Sol\u00eds, Los Bukis se convirtieron en pioneros de la balada rom\u00e1ntica en la m\u00fasica en espa\u00f1ol&#8221;<\/strong>, indic\u00f3 por su parte la web oficial del Paseo de la Fama de Hollywood.<\/p>\n<p>Tras una pausa de 25 a\u00f1os, el grupo regres\u00f3 en 2021, durante la pandemia, como uno de los primeros artistas latinos en encabezar una gira con &#8216;Una Historia Cantada&#8217;, que comenz\u00f3 el Estadio SoFi de Inglewood (California, EE.UU.), donde agotaron las taquillas, y culmin\u00f3 en el ic\u00f3nico Estadio Azteca de M\u00e9xico.<\/p>\n<p>&nbsp;<\/p>\n<p>Fuente: EFE<\/p>\n","protected":false},"excerpt":{"rendered":"<p>La banda regional mexicana Los Bukis recibi\u00f3 este mi\u00e9rcoles una estrella en el emblem\u00e1tico Paseo de la Fama de Los \u00c1ngeles que dedicaron a la comunidad inmigrante, la\u00a0&#8220;fuerza de servicio silenciosa&#8221; que &#8220;trabaja duro de sol a sol&#8221;\u00a0en Estados Unidos. &#8220;Queremos dedicar esta estrella a todos los inmigrantes reunidos aqu\u00ed en este hermoso pa\u00eds, a [&hellip;]<\/p>\n","protected":false},"author":2,"featured_media":225000,"comment_status":"closed","ping_status":"closed","sticky":false,"template":"","format":"standard","meta":{"footnotes":""},"categories":[12870,219],"tags":[12865,12875],"class_list":["post-224999","post","type-post","status-publish","format-standard","has-post-thumbnail","hentry","category-destacadas","category-espectaculos","tag-destacadas","tag-espectaculos"],"jetpack_featured_media_url":"https:\/\/rnoticias.com.mx\/Portal\/wp-content\/uploads\/2025\/07\/Captura-de-pantalla-2025-07-23-132316.jpg","amp_enabled":true,"_links":{"self":[{"href":"https:\/\/rnoticias.com.mx\/Portal\/wp-json\/wp\/v2\/posts\/224999","targetHints":{"allow":["GET"]}}],"collection":[{"href":"https:\/\/rnoticias.com.mx\/Portal\/wp-json\/wp\/v2\/posts"}],"about":[{"href":"https:\/\/rnoticias.com.mx\/Portal\/wp-json\/wp\/v2\/types\/post"}],"author":[{"embeddable":true,"href":"https:\/\/rnoticias.com.mx\/Portal\/wp-json\/wp\/v2\/users\/2"}],"replies":[{"embeddable":true,"href":"https:\/\/rnoticias.com.mx\/Portal\/wp-json\/wp\/v2\/comments?post=224999"}],"version-history":[{"count":1,"href":"https:\/\/rnoticias.com.mx\/Portal\/wp-json\/wp\/v2\/posts\/224999\/revisions"}],"predecessor-version":[{"id":225001,"href":"https:\/\/rnoticias.com.mx\/Portal\/wp-json\/wp\/v2\/posts\/224999\/revisions\/225001"}],"wp:featuredmedia":[{"embeddable":true,"href":"https:\/\/rnoticias.com.mx\/Portal\/wp-json\/wp\/v2\/media\/225000"}],"wp:attachment":[{"href":"https:\/\/rnoticias.com.mx\/Portal\/wp-json\/wp\/v2\/media?parent=224999"}],"wp:term":[{"taxonomy":"category","embeddable":true,"href":"https:\/\/rnoticias.com.mx\/Portal\/wp-json\/wp\/v2\/categories?post=224999"},{"taxonomy":"post_tag","embeddable":true,"href":"https:\/\/rnoticias.com.mx\/Portal\/wp-json\/wp\/v2\/tags?post=224999"}],"curies":[{"name":"wp","href":"https:\/\/api.w.org\/{rel}","templated":true}]}}