{"id":224993,"date":"2025-07-24T08:46:02","date_gmt":"2025-07-24T15:46:02","guid":{"rendered":"https:\/\/rnoticias.com.mx\/Portal\/?p=224993"},"modified":"2025-07-24T08:46:02","modified_gmt":"2025-07-24T15:46:02","slug":"liga-mx-y-fmf-sancionaran-a-chicharito-hernandez-por-comentarios-sexistas","status":"publish","type":"post","link":"https:\/\/rnoticias.com.mx\/Portal\/2025\/07\/24\/liga-mx-y-fmf-sancionaran-a-chicharito-hernandez-por-comentarios-sexistas\/","title":{"rendered":"Liga MX y FMF sancionaran a &#8216;Chicharito&#8217; Hern\u00e1ndez por comentarios sexistas"},"content":{"rendered":"<p>La\u00a0<strong>Federaci\u00f3n Mexicana de F\u00fatbol<\/strong>\u00a0(FMF), el club Guadalajara y la marca deportiva PUMA expresaron este mi\u00e9rcoles repudio a los comentarios machistas del delantero\u00a0<strong>Javier \u2018Chicharito\u2019 Hern\u00e1ndez.<\/strong><\/p>\n<p><strong>\u201cHace unos d\u00edas en la plataforma social TikTok, el jugador Javier &#8216;el Chicharito&#8217; Hern\u00e1ndez emiti\u00f3 declaraciones que promueven estereotipos sexistas que son considerados violencia medi\u00e1tica y que van en contra de la igualdad de g\u00e9nero en el deporte\u201d<\/strong>, dijo la FMF.<\/p>\n<p>A\u00f1adi\u00f3 que su Comisi\u00f3n de G\u00e9nero y Diversidad inici\u00f3 una investigaci\u00f3n que determin\u00f3 que las declaraciones de Hern\u00e1ndez merecen<strong>\u00a0\u201cuna multa econ\u00f3mica y un apercibimiento en el sentido de que esta Comisi\u00f3n tomar\u00e1 medidas m\u00e1s severas en caso de reincidencia\u201d.<\/strong><\/p>\n<p>Hern\u00e1ndez, artillero de las Chivas, ha emitido reiterados mensajes en sus redes sociales en los que promueve estereotipos de g\u00e9nero, en los que asegura que las mujeres<strong>\u00a0\u201cacaban con la masculinidad\u201d<\/strong>\u00a0al no dedicarse a labores del hogar.<\/p>\n<p><strong>&#8220;Encarnen su energ\u00eda femenina cuidando, nutriendo, recibiendo, multiplicando, limpiando y sosteniendo el hogar que es lugar m\u00e1s preciado para nosotros los hombres. No le tengan miedo a ser mujeres, a permitirse ser lideradas por un hombre que lo \u00fanico que quiere es hacerlas feliz<\/strong>&#8220;, coment\u00f3 en uno de sus mensajes.<\/p>\n<p>Guadalajara lanz\u00f3 un comunicado en el que sin mencionar el nombre del \u2018Chicharito\u2019 afirm\u00f3 que\u00a0<strong>\u201creafirma su compromiso con el desarrollo igualitario, la equidad de g\u00e9nero y el respeto hacia todas las personas\u201d.<\/strong><\/p>\n<p>Sin dar detalles, la instituci\u00f3n rojiblanca dijo que\u00a0<strong>\u201cha tomado las acciones correspondientes seg\u00fan el reglamento interno\u201d.<\/strong><\/p>\n<p>Puma, la marca que viste al Guadalajara y patrocina a Hern\u00e1ndez,\u00a0<strong>tambi\u00e9n se manifest\u00f3. Sin se\u00f1alar a Hern\u00e1ndez, rechaz\u00f3 el discurso machista del antiguo atacante del Manchester United y el Real Madrid.<\/strong><\/p>\n<p><strong>\u201cAnte las recientes declaraciones realizadas en redes sociales, aclaramos que estas opiniones corresponden al \u00e1mbito personal y se mantienen independientes de los valores y la postura de la marca\u201d,<\/strong>\u00a0expres\u00f3 la compa\u00f1\u00eda alemana, que no mencion\u00f3 si sancionar\u00e1 a Javier.<\/p>\n<p>La presidenta de M\u00e9xico, Claudia Sheinbaum, afirm\u00f3 que Hern\u00e1ndez &#8220;tiene mucho que aprender&#8221;.<\/p>\n<p><strong>&#8220;Es muy buen futbolista el &#8216;Chicharito&#8217;, pero en el caso de su opini\u00f3n respecto a las mujeres, yo creo que todav\u00eda tiene mucho que aprender, porque las mujeres podemos ser lo que queramos ser&#8221;,<\/strong>\u00a0dijo.<\/p>\n<p>Fuente:EFE<\/p>\n","protected":false},"excerpt":{"rendered":"<p>La\u00a0Federaci\u00f3n Mexicana de F\u00fatbol\u00a0(FMF), el club Guadalajara y la marca deportiva PUMA expresaron este mi\u00e9rcoles repudio a los comentarios machistas del delantero\u00a0Javier \u2018Chicharito\u2019 Hern\u00e1ndez. \u201cHace unos d\u00edas en la plataforma social TikTok, el jugador Javier &#8216;el Chicharito&#8217; Hern\u00e1ndez emiti\u00f3 declaraciones que promueven estereotipos sexistas que son considerados violencia medi\u00e1tica y que van en contra de [&hellip;]<\/p>\n","protected":false},"author":2,"featured_media":224994,"comment_status":"closed","ping_status":"closed","sticky":false,"template":"","format":"standard","meta":{"footnotes":""},"categories":[188,12870],"tags":[5231,12865],"class_list":["post-224993","post","type-post","status-publish","format-standard","has-post-thumbnail","hentry","category-deportes","category-destacadas","tag-deportes","tag-destacadas"],"jetpack_featured_media_url":"https:\/\/rnoticias.com.mx\/Portal\/wp-content\/uploads\/2025\/07\/aa56395e404cef609867c371eb8c8f80.jpg","amp_enabled":true,"_links":{"self":[{"href":"https:\/\/rnoticias.com.mx\/Portal\/wp-json\/wp\/v2\/posts\/224993","targetHints":{"allow":["GET"]}}],"collection":[{"href":"https:\/\/rnoticias.com.mx\/Portal\/wp-json\/wp\/v2\/posts"}],"about":[{"href":"https:\/\/rnoticias.com.mx\/Portal\/wp-json\/wp\/v2\/types\/post"}],"author":[{"embeddable":true,"href":"https:\/\/rnoticias.com.mx\/Portal\/wp-json\/wp\/v2\/users\/2"}],"replies":[{"embeddable":true,"href":"https:\/\/rnoticias.com.mx\/Portal\/wp-json\/wp\/v2\/comments?post=224993"}],"version-history":[{"count":1,"href":"https:\/\/rnoticias.com.mx\/Portal\/wp-json\/wp\/v2\/posts\/224993\/revisions"}],"predecessor-version":[{"id":224995,"href":"https:\/\/rnoticias.com.mx\/Portal\/wp-json\/wp\/v2\/posts\/224993\/revisions\/224995"}],"wp:featuredmedia":[{"embeddable":true,"href":"https:\/\/rnoticias.com.mx\/Portal\/wp-json\/wp\/v2\/media\/224994"}],"wp:attachment":[{"href":"https:\/\/rnoticias.com.mx\/Portal\/wp-json\/wp\/v2\/media?parent=224993"}],"wp:term":[{"taxonomy":"category","embeddable":true,"href":"https:\/\/rnoticias.com.mx\/Portal\/wp-json\/wp\/v2\/categories?post=224993"},{"taxonomy":"post_tag","embeddable":true,"href":"https:\/\/rnoticias.com.mx\/Portal\/wp-json\/wp\/v2\/tags?post=224993"}],"curies":[{"name":"wp","href":"https:\/\/api.w.org\/{rel}","templated":true}]}}